{"id":1037,"date":"2021-11-13T10:24:18","date_gmt":"2021-11-13T09:24:18","guid":{"rendered":"https:\/\/meteodomani.it\/?p=1037"},"modified":"2021-11-13T17:47:23","modified_gmt":"2021-11-13T16:47:23","slug":"napoli-due-giorni-con-lombrello","status":"publish","type":"post","link":"https:\/\/meteodomani.it\/?p=1037","title":{"rendered":"Napoli, due giorni con l&#8217;ombrello"},"content":{"rendered":"<p>Weekend con l\u2019ombrello anche per <strong>Napoli<\/strong>, sia sabato 13 che domenica 14 novembre. I leggeri piovaschi di venerd\u00ec, che nel complesso non hanno fatto scendere pi\u00f9 di un millimetro di pioggia, saranno sostituiti da <strong>fenomeni decisamente pi\u00f9 intensi<\/strong>. In particolare, le piogge sono attese <strong>dal pomeriggio di sabato.<\/strong><\/p>\n<p>La serata porter\u00e0 una attenuazione dell&#8217;instabilit\u00e0, purtroppo di breve durata. <strong>Domenica<\/strong> infatti sono ancora previsti rovesci, anche a carattere forte, per tutta la giornata. Insomma, un fine settimana in perfetto stile autunnale.<\/p>\n<p>Temperature leggermente in calo, soprattutto le <strong>minime, che si attestano sugli 11 gradi;<\/strong> massime intorno ai 19 gradi.<\/p>\n","protected":false},"excerpt":{"rendered":"<p>Weekend con l\u2019ombrello anche per Napoli, sia sabato 13 che domenica 14 novembre. I leggeri piovaschi di venerd\u00ec, che nel complesso non hanno fatto scendere pi\u00f9 di un millimetro di pioggia, saranno sostituiti da fenomeni decisamente pi\u00f9 intensi. In particolare, le piogge sono attese dal pomeriggio di sabato. La serata porter\u00e0 una attenuazione dell&#8217;instabilit\u00e0, purtroppo [&hellip;]<\/p>\n","protected":false},"author":1,"featured_media":1038,"comment_status":"open","ping_status":"open","sticky":false,"template":"","format":"standard","meta":{"site-sidebar-layout":"default","site-content-layout":"default","ast-site-content-layout":"default","site-content-style":"default","site-sidebar-style":"default","ast-global-header-display":"","ast-banner-title-visibility":"","ast-main-header-display":"","ast-hfb-above-header-display":"","ast-hfb-below-header-display":"","ast-hfb-mobile-header-display":"","site-post-title":"","ast-breadcrumbs-content":"","ast-featured-img":"","footer-sml-layout":"","ast-disable-related-posts":"","theme-transparent-header-meta":"default","adv-header-id-meta":"","stick-header-meta":"","header-above-stick-meta":"","header-main-stick-meta":"","header-below-stick-meta":"","astra-migrate-meta-layouts":"default","ast-page-background-enabled":"default","ast-page-background-meta":{"desktop":{"background-color":"var(--ast-global-color-4)","background-image":"","background-repeat":"repeat","background-position":"center center","background-size":"auto","background-attachment":"scroll","background-type":"","background-media":"","overlay-type":"","overlay-color":"","overlay-opacity":"","overlay-gradient":""},"tablet":{"background-color":"","background-image":"","background-repeat":"repeat","background-position":"center center","background-size":"auto","background-attachment":"scroll","background-type":"","background-media":"","overlay-type":"","overlay-color":"","overlay-opacity":"","overlay-gradient":""},"mobile":{"background-color":"","background-image":"","background-repeat":"repeat","background-position":"center center","background-size":"auto","background-attachment":"scroll","background-type":"","background-media":"","overlay-type":"","overlay-color":"","overlay-opacity":"","overlay-gradient":""}},"ast-content-background-meta":{"desktop":{"background-color":"var(--ast-global-color-5)","background-image":"","background-repeat":"repeat","background-position":"center center","background-size":"auto","background-attachment":"scroll","background-type":"","background-media":"","overlay-type":"","overlay-color":"","overlay-opacity":"","overlay-gradient":""},"tablet":{"background-color":"var(--ast-global-color-5)","background-image":"","background-repeat":"repeat","background-position":"center center","background-size":"auto","background-attachment":"scroll","background-type":"","background-media":"","overlay-type":"","overlay-color":"","overlay-opacity":"","overlay-gradient":""},"mobile":{"background-color":"var(--ast-global-color-5)","background-image":"","background-repeat":"repeat","background-position":"center center","background-size":"auto","background-attachment":"scroll","background-type":"","background-media":"","overlay-type":"","overlay-color":"","overlay-opacity":"","overlay-gradient":""}},"footnotes":""},"categories":[34,1],"tags":[],"class_list":["post-1037","post","type-post","status-publish","format-standard","has-post-thumbnail","hentry","category-meteo-napoli","category-meteo-news"],"yoast_head":"<!-- This site is optimized with the Yoast SEO plugin v27.4 - https:\/\/yoast.com\/product\/yoast-seo-wordpress\/ -->\n<title>Napoli, due giorni con l&#039;ombrello - Meteo Domani<\/title>\n<meta name=\"robots\" content=\"index, follow, max-snippet:-1, max-image-preview:large, max-video-preview:-1\" \/>\n<link rel=\"canonical\" href=\"https:\/\/meteodomani.it\/?p=1037\" \/>\n<meta property=\"og:locale\" content=\"it_IT\" \/>\n<meta property=\"og:type\" content=\"article\" \/>\n<meta property=\"og:title\" content=\"Napoli, due giorni con l&#039;ombrello - Meteo Domani\" \/>\n<meta property=\"og:description\" content=\"Weekend con l\u2019ombrello anche per Napoli, sia sabato 13 che domenica 14 novembre. I leggeri piovaschi di venerd\u00ec, che nel complesso non hanno fatto scendere pi\u00f9 di un millimetro di pioggia, saranno sostituiti da fenomeni decisamente pi\u00f9 intensi. In particolare, le piogge sono attese dal pomeriggio di sabato. La serata porter\u00e0 una attenuazione dell&#8217;instabilit\u00e0, purtroppo [&hellip;]\" \/>\n<meta property=\"og:url\" content=\"https:\/\/meteodomani.it\/?p=1037\" \/>\n<meta property=\"og:site_name\" content=\"Meteo Domani\" \/>\n<meta property=\"article:published_time\" content=\"2021-11-13T09:24:18+00:00\" \/>\n<meta property=\"article:modified_time\" content=\"2021-11-13T16:47:23+00:00\" \/>\n<meta property=\"og:image\" content=\"https:\/\/meteodomani.it\/wp-content\/uploads\/2021\/11\/vesuv-4783850_1920-e1636795398331.jpg\" \/>\n\t<meta property=\"og:image:width\" content=\"1776\" \/>\n\t<meta property=\"og:image:height\" content=\"854\" \/>\n\t<meta property=\"og:image:type\" content=\"image\/jpeg\" \/>\n<meta name=\"author\" content=\"Giovanni Stabile\" \/>\n<meta name=\"twitter:card\" content=\"summary_large_image\" \/>\n<meta name=\"twitter:label1\" content=\"Scritto da\" \/>\n\t<meta name=\"twitter:data1\" content=\"Giovanni Stabile\" \/>\n\t<meta name=\"twitter:label2\" content=\"Tempo di lettura stimato\" \/>\n\t<meta name=\"twitter:data2\" content=\"1 minuto\" \/>\n<script type=\"application\/ld+json\" class=\"yoast-schema-graph\">{\"@context\":\"https:\\\/\\\/schema.org\",\"@graph\":[{\"@type\":\"Article\",\"@id\":\"https:\\\/\\\/meteodomani.it\\\/?p=1037#article\",\"isPartOf\":{\"@id\":\"https:\\\/\\\/meteodomani.it\\\/?p=1037\"},\"author\":{\"name\":\"Giovanni Stabile\",\"@id\":\"https:\\\/\\\/meteodomani.it\\\/#\\\/schema\\\/person\\\/aa5589271df8f4c36ef93b0027e50b6d\"},\"headline\":\"Napoli, due giorni con l&#8217;ombrello\",\"datePublished\":\"2021-11-13T09:24:18+00:00\",\"dateModified\":\"2021-11-13T16:47:23+00:00\",\"mainEntityOfPage\":{\"@id\":\"https:\\\/\\\/meteodomani.it\\\/?p=1037\"},\"wordCount\":102,\"commentCount\":0,\"publisher\":{\"@id\":\"https:\\\/\\\/meteodomani.it\\\/#organization\"},\"image\":{\"@id\":\"https:\\\/\\\/meteodomani.it\\\/?p=1037#primaryimage\"},\"thumbnailUrl\":\"https:\\\/\\\/meteodomani.it\\\/wp-content\\\/uploads\\\/2021\\\/11\\\/vesuv-4783850_1920-e1636795398331.jpg\",\"articleSection\":[\"Meteo Napoli\",\"Meteo News\"],\"inLanguage\":\"it-IT\",\"potentialAction\":[{\"@type\":\"CommentAction\",\"name\":\"Comment\",\"target\":[\"https:\\\/\\\/meteodomani.it\\\/?p=1037#respond\"]}]},{\"@type\":\"WebPage\",\"@id\":\"https:\\\/\\\/meteodomani.it\\\/?p=1037\",\"url\":\"https:\\\/\\\/meteodomani.it\\\/?p=1037\",\"name\":\"Napoli, due giorni con l'ombrello - Meteo Domani\",\"isPartOf\":{\"@id\":\"https:\\\/\\\/meteodomani.it\\\/#website\"},\"primaryImageOfPage\":{\"@id\":\"https:\\\/\\\/meteodomani.it\\\/?p=1037#primaryimage\"},\"image\":{\"@id\":\"https:\\\/\\\/meteodomani.it\\\/?p=1037#primaryimage\"},\"thumbnailUrl\":\"https:\\\/\\\/meteodomani.it\\\/wp-content\\\/uploads\\\/2021\\\/11\\\/vesuv-4783850_1920-e1636795398331.jpg\",\"datePublished\":\"2021-11-13T09:24:18+00:00\",\"dateModified\":\"2021-11-13T16:47:23+00:00\",\"breadcrumb\":{\"@id\":\"https:\\\/\\\/meteodomani.it\\\/?p=1037#breadcrumb\"},\"inLanguage\":\"it-IT\",\"potentialAction\":[{\"@type\":\"ReadAction\",\"target\":[\"https:\\\/\\\/meteodomani.it\\\/?p=1037\"]}]},{\"@type\":\"ImageObject\",\"inLanguage\":\"it-IT\",\"@id\":\"https:\\\/\\\/meteodomani.it\\\/?p=1037#primaryimage\",\"url\":\"https:\\\/\\\/meteodomani.it\\\/wp-content\\\/uploads\\\/2021\\\/11\\\/vesuv-4783850_1920-e1636795398331.jpg\",\"contentUrl\":\"https:\\\/\\\/meteodomani.it\\\/wp-content\\\/uploads\\\/2021\\\/11\\\/vesuv-4783850_1920-e1636795398331.jpg\",\"width\":1776,\"height\":854},{\"@type\":\"BreadcrumbList\",\"@id\":\"https:\\\/\\\/meteodomani.it\\\/?p=1037#breadcrumb\",\"itemListElement\":[{\"@type\":\"ListItem\",\"position\":1,\"name\":\"Home\",\"item\":\"https:\\\/\\\/meteodomani.it\\\/\"},{\"@type\":\"ListItem\",\"position\":2,\"name\":\"Napoli, due giorni con l&#8217;ombrello\"}]},{\"@type\":\"WebSite\",\"@id\":\"https:\\\/\\\/meteodomani.it\\\/#website\",\"url\":\"https:\\\/\\\/meteodomani.it\\\/\",\"name\":\"Meteo Domani\",\"description\":\"il meteo di domani\",\"publisher\":{\"@id\":\"https:\\\/\\\/meteodomani.it\\\/#organization\"},\"potentialAction\":[{\"@type\":\"SearchAction\",\"target\":{\"@type\":\"EntryPoint\",\"urlTemplate\":\"https:\\\/\\\/meteodomani.it\\\/?s={search_term_string}\"},\"query-input\":{\"@type\":\"PropertyValueSpecification\",\"valueRequired\":true,\"valueName\":\"search_term_string\"}}],\"inLanguage\":\"it-IT\"},{\"@type\":\"Organization\",\"@id\":\"https:\\\/\\\/meteodomani.it\\\/#organization\",\"name\":\"Meteo Domani\",\"url\":\"https:\\\/\\\/meteodomani.it\\\/\",\"logo\":{\"@type\":\"ImageObject\",\"inLanguage\":\"it-IT\",\"@id\":\"https:\\\/\\\/meteodomani.it\\\/#\\\/schema\\\/logo\\\/image\\\/\",\"url\":\"https:\\\/\\\/meteodomani.it\\\/wp-content\\\/uploads\\\/2021\\\/10\\\/meteodomani-logo.png\",\"contentUrl\":\"https:\\\/\\\/meteodomani.it\\\/wp-content\\\/uploads\\\/2021\\\/10\\\/meteodomani-logo.png\",\"width\":500,\"height\":500,\"caption\":\"Meteo Domani\"},\"image\":{\"@id\":\"https:\\\/\\\/meteodomani.it\\\/#\\\/schema\\\/logo\\\/image\\\/\"}},{\"@type\":\"Person\",\"@id\":\"https:\\\/\\\/meteodomani.it\\\/#\\\/schema\\\/person\\\/aa5589271df8f4c36ef93b0027e50b6d\",\"name\":\"Giovanni Stabile\",\"image\":{\"@type\":\"ImageObject\",\"inLanguage\":\"it-IT\",\"@id\":\"https:\\\/\\\/secure.gravatar.com\\\/avatar\\\/50c08014e13654fd832fa2e77a008180ff9c8e7c0469a20f49f5c2ff59c317e7?s=96&d=mm&r=g\",\"url\":\"https:\\\/\\\/secure.gravatar.com\\\/avatar\\\/50c08014e13654fd832fa2e77a008180ff9c8e7c0469a20f49f5c2ff59c317e7?s=96&d=mm&r=g\",\"contentUrl\":\"https:\\\/\\\/secure.gravatar.com\\\/avatar\\\/50c08014e13654fd832fa2e77a008180ff9c8e7c0469a20f49f5c2ff59c317e7?s=96&d=mm&r=g\",\"caption\":\"Giovanni Stabile\"},\"sameAs\":[\"http:\\\/\\\/meteodomani.it\"],\"url\":\"https:\\\/\\\/meteodomani.it\\\/?author=1\"}]}<\/script>\n<!-- \/ Yoast SEO plugin. -->","yoast_head_json":{"title":"Napoli, due giorni con l'ombrello - Meteo Domani","robots":{"index":"index","follow":"follow","max-snippet":"max-snippet:-1","max-image-preview":"max-image-preview:large","max-video-preview":"max-video-preview:-1"},"canonical":"https:\/\/meteodomani.it\/?p=1037","og_locale":"it_IT","og_type":"article","og_title":"Napoli, due giorni con l'ombrello - Meteo Domani","og_description":"Weekend con l\u2019ombrello anche per Napoli, sia sabato 13 che domenica 14 novembre. I leggeri piovaschi di venerd\u00ec, che nel complesso non hanno fatto scendere pi\u00f9 di un millimetro di pioggia, saranno sostituiti da fenomeni decisamente pi\u00f9 intensi. In particolare, le piogge sono attese dal pomeriggio di sabato. La serata porter\u00e0 una attenuazione dell&#8217;instabilit\u00e0, purtroppo [&hellip;]","og_url":"https:\/\/meteodomani.it\/?p=1037","og_site_name":"Meteo Domani","article_published_time":"2021-11-13T09:24:18+00:00","article_modified_time":"2021-11-13T16:47:23+00:00","og_image":[{"width":1776,"height":854,"url":"https:\/\/meteodomani.it\/wp-content\/uploads\/2021\/11\/vesuv-4783850_1920-e1636795398331.jpg","type":"image\/jpeg"}],"author":"Giovanni Stabile","twitter_card":"summary_large_image","twitter_misc":{"Scritto da":"Giovanni Stabile","Tempo di lettura stimato":"1 minuto"},"schema":{"@context":"https:\/\/schema.org","@graph":[{"@type":"Article","@id":"https:\/\/meteodomani.it\/?p=1037#article","isPartOf":{"@id":"https:\/\/meteodomani.it\/?p=1037"},"author":{"name":"Giovanni Stabile","@id":"https:\/\/meteodomani.it\/#\/schema\/person\/aa5589271df8f4c36ef93b0027e50b6d"},"headline":"Napoli, due giorni con l&#8217;ombrello","datePublished":"2021-11-13T09:24:18+00:00","dateModified":"2021-11-13T16:47:23+00:00","mainEntityOfPage":{"@id":"https:\/\/meteodomani.it\/?p=1037"},"wordCount":102,"commentCount":0,"publisher":{"@id":"https:\/\/meteodomani.it\/#organization"},"image":{"@id":"https:\/\/meteodomani.it\/?p=1037#primaryimage"},"thumbnailUrl":"https:\/\/meteodomani.it\/wp-content\/uploads\/2021\/11\/vesuv-4783850_1920-e1636795398331.jpg","articleSection":["Meteo Napoli","Meteo News"],"inLanguage":"it-IT","potentialAction":[{"@type":"CommentAction","name":"Comment","target":["https:\/\/meteodomani.it\/?p=1037#respond"]}]},{"@type":"WebPage","@id":"https:\/\/meteodomani.it\/?p=1037","url":"https:\/\/meteodomani.it\/?p=1037","name":"Napoli, due giorni con l'ombrello - Meteo Domani","isPartOf":{"@id":"https:\/\/meteodomani.it\/#website"},"primaryImageOfPage":{"@id":"https:\/\/meteodomani.it\/?p=1037#primaryimage"},"image":{"@id":"https:\/\/meteodomani.it\/?p=1037#primaryimage"},"thumbnailUrl":"https:\/\/meteodomani.it\/wp-content\/uploads\/2021\/11\/vesuv-4783850_1920-e1636795398331.jpg","datePublished":"2021-11-13T09:24:18+00:00","dateModified":"2021-11-13T16:47:23+00:00","breadcrumb":{"@id":"https:\/\/meteodomani.it\/?p=1037#breadcrumb"},"inLanguage":"it-IT","potentialAction":[{"@type":"ReadAction","target":["https:\/\/meteodomani.it\/?p=1037"]}]},{"@type":"ImageObject","inLanguage":"it-IT","@id":"https:\/\/meteodomani.it\/?p=1037#primaryimage","url":"https:\/\/meteodomani.it\/wp-content\/uploads\/2021\/11\/vesuv-4783850_1920-e1636795398331.jpg","contentUrl":"https:\/\/meteodomani.it\/wp-content\/uploads\/2021\/11\/vesuv-4783850_1920-e1636795398331.jpg","width":1776,"height":854},{"@type":"BreadcrumbList","@id":"https:\/\/meteodomani.it\/?p=1037#breadcrumb","itemListElement":[{"@type":"ListItem","position":1,"name":"Home","item":"https:\/\/meteodomani.it\/"},{"@type":"ListItem","position":2,"name":"Napoli, due giorni con l&#8217;ombrello"}]},{"@type":"WebSite","@id":"https:\/\/meteodomani.it\/#website","url":"https:\/\/meteodomani.it\/","name":"Meteo Domani","description":"il meteo di domani","publisher":{"@id":"https:\/\/meteodomani.it\/#organization"},"potentialAction":[{"@type":"SearchAction","target":{"@type":"EntryPoint","urlTemplate":"https:\/\/meteodomani.it\/?s={search_term_string}"},"query-input":{"@type":"PropertyValueSpecification","valueRequired":true,"valueName":"search_term_string"}}],"inLanguage":"it-IT"},{"@type":"Organization","@id":"https:\/\/meteodomani.it\/#organization","name":"Meteo Domani","url":"https:\/\/meteodomani.it\/","logo":{"@type":"ImageObject","inLanguage":"it-IT","@id":"https:\/\/meteodomani.it\/#\/schema\/logo\/image\/","url":"https:\/\/meteodomani.it\/wp-content\/uploads\/2021\/10\/meteodomani-logo.png","contentUrl":"https:\/\/meteodomani.it\/wp-content\/uploads\/2021\/10\/meteodomani-logo.png","width":500,"height":500,"caption":"Meteo Domani"},"image":{"@id":"https:\/\/meteodomani.it\/#\/schema\/logo\/image\/"}},{"@type":"Person","@id":"https:\/\/meteodomani.it\/#\/schema\/person\/aa5589271df8f4c36ef93b0027e50b6d","name":"Giovanni Stabile","image":{"@type":"ImageObject","inLanguage":"it-IT","@id":"https:\/\/secure.gravatar.com\/avatar\/50c08014e13654fd832fa2e77a008180ff9c8e7c0469a20f49f5c2ff59c317e7?s=96&d=mm&r=g","url":"https:\/\/secure.gravatar.com\/avatar\/50c08014e13654fd832fa2e77a008180ff9c8e7c0469a20f49f5c2ff59c317e7?s=96&d=mm&r=g","contentUrl":"https:\/\/secure.gravatar.com\/avatar\/50c08014e13654fd832fa2e77a008180ff9c8e7c0469a20f49f5c2ff59c317e7?s=96&d=mm&r=g","caption":"Giovanni Stabile"},"sameAs":["http:\/\/meteodomani.it"],"url":"https:\/\/meteodomani.it\/?author=1"}]}},"_links":{"self":[{"href":"https:\/\/meteodomani.it\/index.php?rest_route=\/wp\/v2\/posts\/1037","targetHints":{"allow":["GET"]}}],"collection":[{"href":"https:\/\/meteodomani.it\/index.php?rest_route=\/wp\/v2\/posts"}],"about":[{"href":"https:\/\/meteodomani.it\/index.php?rest_route=\/wp\/v2\/types\/post"}],"author":[{"embeddable":true,"href":"https:\/\/meteodomani.it\/index.php?rest_route=\/wp\/v2\/users\/1"}],"replies":[{"embeddable":true,"href":"https:\/\/meteodomani.it\/index.php?rest_route=%2Fwp%2Fv2%2Fcomments&post=1037"}],"version-history":[{"count":2,"href":"https:\/\/meteodomani.it\/index.php?rest_route=\/wp\/v2\/posts\/1037\/revisions"}],"predecessor-version":[{"id":1040,"href":"https:\/\/meteodomani.it\/index.php?rest_route=\/wp\/v2\/posts\/1037\/revisions\/1040"}],"wp:featuredmedia":[{"embeddable":true,"href":"https:\/\/meteodomani.it\/index.php?rest_route=\/wp\/v2\/media\/1038"}],"wp:attachment":[{"href":"https:\/\/meteodomani.it\/index.php?rest_route=%2Fwp%2Fv2%2Fmedia&parent=1037"}],"wp:term":[{"taxonomy":"category","embeddable":true,"href":"https:\/\/meteodomani.it\/index.php?rest_route=%2Fwp%2Fv2%2Fcategories&post=1037"},{"taxonomy":"post_tag","embeddable":true,"href":"https:\/\/meteodomani.it\/index.php?rest_route=%2Fwp%2Fv2%2Ftags&post=1037"}],"curies":[{"name":"wp","href":"https:\/\/api.w.org\/{rel}","templated":true}]}}