{"id":1149,"date":"2021-11-23T09:23:25","date_gmt":"2021-11-23T08:23:25","guid":{"rendered":"https:\/\/meteodomani.it\/?p=1149"},"modified":"2021-11-23T09:23:25","modified_gmt":"2021-11-23T08:23:25","slug":"da-giovedi-anticipo-di-inverno-nevicate-su-alpi-e-appennino","status":"publish","type":"post","link":"https:\/\/meteodomani.it\/?p=1149","title":{"rendered":"Da gioved\u00ec anticipo di inverno, nevicate su Alpi e Appennino"},"content":{"rendered":"<p>La saccatura depressionaria, al momento ferma sulla penisola Iberica, minaccia il <strong>Mediterraneo<\/strong>. Da met\u00e0 settimana si unir\u00e0 al flusso artico, e arriver\u00e0 anche sulll&#8217;Italia, da <strong>gioved\u00ec 25 novembre<\/strong>, portando un deciso eggioramento del tempo.<\/p>\n<p>Su tutto il Nord Ovest ci saranno rovesci, a partire da <strong>Liguria e basso Piemonte<\/strong>, in avanzata verso Est. Maltempo anche su<strong> Toscana e fin sul Lazio<\/strong>, con precipitazioni che potranno essere localmente intense. In serata le piogge si faranno vedere anche sul versante adriatico e sul Basso Tirreno.<\/p>\n<p>Arriva anche la <strong>neve sulle Alpi<\/strong>, intorno a 1100 \/ 1300 metri, e <strong>sull&#8217;Appennino settentrionale<\/strong> tra i 1500 e i 1700 metri. In Piemonte un po&#8217; di bianco potrebbe vedersi gi\u00e0 a partire dai 600 metri.<\/p>\n<p>&nbsp;<\/p>\n","protected":false},"excerpt":{"rendered":"<p>La saccatura depressionaria, al momento ferma sulla penisola Iberica, minaccia il Mediterraneo. Da met\u00e0 settimana si unir\u00e0 al flusso artico, e arriver\u00e0 anche sulll&#8217;Italia, da gioved\u00ec 25 novembre, portando un deciso eggioramento del tempo. Su tutto il Nord Ovest ci saranno rovesci, a partire da Liguria e basso Piemonte, in avanzata verso Est. Maltempo anche [&hellip;]<\/p>\n","protected":false},"author":4,"featured_media":1150,"comment_status":"open","ping_status":"open","sticky":false,"template":"","format":"standard","meta":{"site-sidebar-layout":"default","site-content-layout":"default","ast-site-content-layout":"default","site-content-style":"default","site-sidebar-style":"default","ast-global-header-display":"","ast-banner-title-visibility":"","ast-main-header-display":"","ast-hfb-above-header-display":"","ast-hfb-below-header-display":"","ast-hfb-mobile-header-display":"","site-post-title":"","ast-breadcrumbs-content":"","ast-featured-img":"","footer-sml-layout":"","ast-disable-related-posts":"","theme-transparent-header-meta":"default","adv-header-id-meta":"","stick-header-meta":"","header-above-stick-meta":"","header-main-stick-meta":"","header-below-stick-meta":"","astra-migrate-meta-layouts":"default","ast-page-background-enabled":"default","ast-page-background-meta":{"desktop":{"background-color":"var(--ast-global-color-4)","background-image":"","background-repeat":"repeat","background-position":"center center","background-size":"auto","background-attachment":"scroll","background-type":"","background-media":"","overlay-type":"","overlay-color":"","overlay-opacity":"","overlay-gradient":""},"tablet":{"background-color":"","background-image":"","background-repeat":"repeat","background-position":"center center","background-size":"auto","background-attachment":"scroll","background-type":"","background-media":"","overlay-type":"","overlay-color":"","overlay-opacity":"","overlay-gradient":""},"mobile":{"background-color":"","background-image":"","background-repeat":"repeat","background-position":"center center","background-size":"auto","background-attachment":"scroll","background-type":"","background-media":"","overlay-type":"","overlay-color":"","overlay-opacity":"","overlay-gradient":""}},"ast-content-background-meta":{"desktop":{"background-color":"var(--ast-global-color-5)","background-image":"","background-repeat":"repeat","background-position":"center center","background-size":"auto","background-attachment":"scroll","background-type":"","background-media":"","overlay-type":"","overlay-color":"","overlay-opacity":"","overlay-gradient":""},"tablet":{"background-color":"var(--ast-global-color-5)","background-image":"","background-repeat":"repeat","background-position":"center center","background-size":"auto","background-attachment":"scroll","background-type":"","background-media":"","overlay-type":"","overlay-color":"","overlay-opacity":"","overlay-gradient":""},"mobile":{"background-color":"var(--ast-global-color-5)","background-image":"","background-repeat":"repeat","background-position":"center center","background-size":"auto","background-attachment":"scroll","background-type":"","background-media":"","overlay-type":"","overlay-color":"","overlay-opacity":"","overlay-gradient":""}},"footnotes":""},"categories":[1],"tags":[],"class_list":["post-1149","post","type-post","status-publish","format-standard","has-post-thumbnail","hentry","category-meteo-news"],"yoast_head":"<!-- This site is optimized with the Yoast SEO plugin v27.4 - https:\/\/yoast.com\/product\/yoast-seo-wordpress\/ -->\n<title>Da gioved\u00ec anticipo di inverno, nevicate su Alpi e Appennino - Meteo Domani<\/title>\n<meta name=\"robots\" content=\"index, follow, max-snippet:-1, max-image-preview:large, max-video-preview:-1\" \/>\n<link rel=\"canonical\" href=\"https:\/\/meteodomani.it\/?p=1149\" \/>\n<meta property=\"og:locale\" content=\"it_IT\" \/>\n<meta property=\"og:type\" content=\"article\" \/>\n<meta property=\"og:title\" content=\"Da gioved\u00ec anticipo di inverno, nevicate su Alpi e Appennino - Meteo Domani\" \/>\n<meta property=\"og:description\" content=\"La saccatura depressionaria, al momento ferma sulla penisola Iberica, minaccia il Mediterraneo. Da met\u00e0 settimana si unir\u00e0 al flusso artico, e arriver\u00e0 anche sulll&#8217;Italia, da gioved\u00ec 25 novembre, portando un deciso eggioramento del tempo. Su tutto il Nord Ovest ci saranno rovesci, a partire da Liguria e basso Piemonte, in avanzata verso Est. Maltempo anche [&hellip;]\" \/>\n<meta property=\"og:url\" content=\"https:\/\/meteodomani.it\/?p=1149\" \/>\n<meta property=\"og:site_name\" content=\"Meteo Domani\" \/>\n<meta property=\"article:published_time\" content=\"2021-11-23T08:23:25+00:00\" \/>\n<meta property=\"og:image\" content=\"https:\/\/meteodomani.it\/wp-content\/uploads\/2021\/11\/mountain-landscape-2031539_1920.jpg\" \/>\n\t<meta property=\"og:image:width\" content=\"1920\" \/>\n\t<meta property=\"og:image:height\" content=\"1080\" \/>\n\t<meta property=\"og:image:type\" content=\"image\/jpeg\" \/>\n<meta name=\"author\" content=\"Giovanni Meani\" \/>\n<meta name=\"twitter:card\" content=\"summary_large_image\" \/>\n<meta name=\"twitter:label1\" content=\"Scritto da\" \/>\n\t<meta name=\"twitter:data1\" content=\"Giovanni Meani\" \/>\n\t<meta name=\"twitter:label2\" content=\"Tempo di lettura stimato\" \/>\n\t<meta name=\"twitter:data2\" content=\"1 minuto\" \/>\n<script type=\"application\/ld+json\" class=\"yoast-schema-graph\">{\"@context\":\"https:\\\/\\\/schema.org\",\"@graph\":[{\"@type\":\"Article\",\"@id\":\"https:\\\/\\\/meteodomani.it\\\/?p=1149#article\",\"isPartOf\":{\"@id\":\"https:\\\/\\\/meteodomani.it\\\/?p=1149\"},\"author\":{\"name\":\"Giovanni Meani\",\"@id\":\"https:\\\/\\\/meteodomani.it\\\/#\\\/schema\\\/person\\\/6c388efe0f8a16076b21b9488a8498ce\"},\"headline\":\"Da gioved\u00ec anticipo di inverno, nevicate su Alpi e Appennino\",\"datePublished\":\"2021-11-23T08:23:25+00:00\",\"mainEntityOfPage\":{\"@id\":\"https:\\\/\\\/meteodomani.it\\\/?p=1149\"},\"wordCount\":125,\"commentCount\":0,\"publisher\":{\"@id\":\"https:\\\/\\\/meteodomani.it\\\/#organization\"},\"image\":{\"@id\":\"https:\\\/\\\/meteodomani.it\\\/?p=1149#primaryimage\"},\"thumbnailUrl\":\"https:\\\/\\\/meteodomani.it\\\/wp-content\\\/uploads\\\/2021\\\/11\\\/mountain-landscape-2031539_1920.jpg\",\"articleSection\":[\"Meteo News\"],\"inLanguage\":\"it-IT\",\"potentialAction\":[{\"@type\":\"CommentAction\",\"name\":\"Comment\",\"target\":[\"https:\\\/\\\/meteodomani.it\\\/?p=1149#respond\"]}]},{\"@type\":\"WebPage\",\"@id\":\"https:\\\/\\\/meteodomani.it\\\/?p=1149\",\"url\":\"https:\\\/\\\/meteodomani.it\\\/?p=1149\",\"name\":\"Da gioved\u00ec anticipo di inverno, nevicate su Alpi e Appennino - Meteo Domani\",\"isPartOf\":{\"@id\":\"https:\\\/\\\/meteodomani.it\\\/#website\"},\"primaryImageOfPage\":{\"@id\":\"https:\\\/\\\/meteodomani.it\\\/?p=1149#primaryimage\"},\"image\":{\"@id\":\"https:\\\/\\\/meteodomani.it\\\/?p=1149#primaryimage\"},\"thumbnailUrl\":\"https:\\\/\\\/meteodomani.it\\\/wp-content\\\/uploads\\\/2021\\\/11\\\/mountain-landscape-2031539_1920.jpg\",\"datePublished\":\"2021-11-23T08:23:25+00:00\",\"breadcrumb\":{\"@id\":\"https:\\\/\\\/meteodomani.it\\\/?p=1149#breadcrumb\"},\"inLanguage\":\"it-IT\",\"potentialAction\":[{\"@type\":\"ReadAction\",\"target\":[\"https:\\\/\\\/meteodomani.it\\\/?p=1149\"]}]},{\"@type\":\"ImageObject\",\"inLanguage\":\"it-IT\",\"@id\":\"https:\\\/\\\/meteodomani.it\\\/?p=1149#primaryimage\",\"url\":\"https:\\\/\\\/meteodomani.it\\\/wp-content\\\/uploads\\\/2021\\\/11\\\/mountain-landscape-2031539_1920.jpg\",\"contentUrl\":\"https:\\\/\\\/meteodomani.it\\\/wp-content\\\/uploads\\\/2021\\\/11\\\/mountain-landscape-2031539_1920.jpg\",\"width\":1920,\"height\":1080},{\"@type\":\"BreadcrumbList\",\"@id\":\"https:\\\/\\\/meteodomani.it\\\/?p=1149#breadcrumb\",\"itemListElement\":[{\"@type\":\"ListItem\",\"position\":1,\"name\":\"Home\",\"item\":\"https:\\\/\\\/meteodomani.it\\\/\"},{\"@type\":\"ListItem\",\"position\":2,\"name\":\"Da gioved\u00ec anticipo di inverno, nevicate su Alpi e Appennino\"}]},{\"@type\":\"WebSite\",\"@id\":\"https:\\\/\\\/meteodomani.it\\\/#website\",\"url\":\"https:\\\/\\\/meteodomani.it\\\/\",\"name\":\"Meteo Domani\",\"description\":\"il meteo di domani\",\"publisher\":{\"@id\":\"https:\\\/\\\/meteodomani.it\\\/#organization\"},\"potentialAction\":[{\"@type\":\"SearchAction\",\"target\":{\"@type\":\"EntryPoint\",\"urlTemplate\":\"https:\\\/\\\/meteodomani.it\\\/?s={search_term_string}\"},\"query-input\":{\"@type\":\"PropertyValueSpecification\",\"valueRequired\":true,\"valueName\":\"search_term_string\"}}],\"inLanguage\":\"it-IT\"},{\"@type\":\"Organization\",\"@id\":\"https:\\\/\\\/meteodomani.it\\\/#organization\",\"name\":\"Meteo Domani\",\"url\":\"https:\\\/\\\/meteodomani.it\\\/\",\"logo\":{\"@type\":\"ImageObject\",\"inLanguage\":\"it-IT\",\"@id\":\"https:\\\/\\\/meteodomani.it\\\/#\\\/schema\\\/logo\\\/image\\\/\",\"url\":\"https:\\\/\\\/meteodomani.it\\\/wp-content\\\/uploads\\\/2021\\\/10\\\/meteodomani-logo.png\",\"contentUrl\":\"https:\\\/\\\/meteodomani.it\\\/wp-content\\\/uploads\\\/2021\\\/10\\\/meteodomani-logo.png\",\"width\":500,\"height\":500,\"caption\":\"Meteo Domani\"},\"image\":{\"@id\":\"https:\\\/\\\/meteodomani.it\\\/#\\\/schema\\\/logo\\\/image\\\/\"}},{\"@type\":\"Person\",\"@id\":\"https:\\\/\\\/meteodomani.it\\\/#\\\/schema\\\/person\\\/6c388efe0f8a16076b21b9488a8498ce\",\"name\":\"Giovanni Meani\",\"image\":{\"@type\":\"ImageObject\",\"inLanguage\":\"it-IT\",\"@id\":\"https:\\\/\\\/secure.gravatar.com\\\/avatar\\\/0d56741cdc0bc087a77e3e8953509cb8f69ad43be2346e37437a7f6039505e7b?s=96&d=mm&r=g\",\"url\":\"https:\\\/\\\/secure.gravatar.com\\\/avatar\\\/0d56741cdc0bc087a77e3e8953509cb8f69ad43be2346e37437a7f6039505e7b?s=96&d=mm&r=g\",\"contentUrl\":\"https:\\\/\\\/secure.gravatar.com\\\/avatar\\\/0d56741cdc0bc087a77e3e8953509cb8f69ad43be2346e37437a7f6039505e7b?s=96&d=mm&r=g\",\"caption\":\"Giovanni Meani\"},\"url\":\"https:\\\/\\\/meteodomani.it\\\/?author=4\"}]}<\/script>\n<!-- \/ Yoast SEO plugin. -->","yoast_head_json":{"title":"Da gioved\u00ec anticipo di inverno, nevicate su Alpi e Appennino - Meteo Domani","robots":{"index":"index","follow":"follow","max-snippet":"max-snippet:-1","max-image-preview":"max-image-preview:large","max-video-preview":"max-video-preview:-1"},"canonical":"https:\/\/meteodomani.it\/?p=1149","og_locale":"it_IT","og_type":"article","og_title":"Da gioved\u00ec anticipo di inverno, nevicate su Alpi e Appennino - Meteo Domani","og_description":"La saccatura depressionaria, al momento ferma sulla penisola Iberica, minaccia il Mediterraneo. Da met\u00e0 settimana si unir\u00e0 al flusso artico, e arriver\u00e0 anche sulll&#8217;Italia, da gioved\u00ec 25 novembre, portando un deciso eggioramento del tempo. Su tutto il Nord Ovest ci saranno rovesci, a partire da Liguria e basso Piemonte, in avanzata verso Est. Maltempo anche [&hellip;]","og_url":"https:\/\/meteodomani.it\/?p=1149","og_site_name":"Meteo Domani","article_published_time":"2021-11-23T08:23:25+00:00","og_image":[{"width":1920,"height":1080,"url":"https:\/\/meteodomani.it\/wp-content\/uploads\/2021\/11\/mountain-landscape-2031539_1920.jpg","type":"image\/jpeg"}],"author":"Giovanni Meani","twitter_card":"summary_large_image","twitter_misc":{"Scritto da":"Giovanni Meani","Tempo di lettura stimato":"1 minuto"},"schema":{"@context":"https:\/\/schema.org","@graph":[{"@type":"Article","@id":"https:\/\/meteodomani.it\/?p=1149#article","isPartOf":{"@id":"https:\/\/meteodomani.it\/?p=1149"},"author":{"name":"Giovanni Meani","@id":"https:\/\/meteodomani.it\/#\/schema\/person\/6c388efe0f8a16076b21b9488a8498ce"},"headline":"Da gioved\u00ec anticipo di inverno, nevicate su Alpi e Appennino","datePublished":"2021-11-23T08:23:25+00:00","mainEntityOfPage":{"@id":"https:\/\/meteodomani.it\/?p=1149"},"wordCount":125,"commentCount":0,"publisher":{"@id":"https:\/\/meteodomani.it\/#organization"},"image":{"@id":"https:\/\/meteodomani.it\/?p=1149#primaryimage"},"thumbnailUrl":"https:\/\/meteodomani.it\/wp-content\/uploads\/2021\/11\/mountain-landscape-2031539_1920.jpg","articleSection":["Meteo News"],"inLanguage":"it-IT","potentialAction":[{"@type":"CommentAction","name":"Comment","target":["https:\/\/meteodomani.it\/?p=1149#respond"]}]},{"@type":"WebPage","@id":"https:\/\/meteodomani.it\/?p=1149","url":"https:\/\/meteodomani.it\/?p=1149","name":"Da gioved\u00ec anticipo di inverno, nevicate su Alpi e Appennino - Meteo Domani","isPartOf":{"@id":"https:\/\/meteodomani.it\/#website"},"primaryImageOfPage":{"@id":"https:\/\/meteodomani.it\/?p=1149#primaryimage"},"image":{"@id":"https:\/\/meteodomani.it\/?p=1149#primaryimage"},"thumbnailUrl":"https:\/\/meteodomani.it\/wp-content\/uploads\/2021\/11\/mountain-landscape-2031539_1920.jpg","datePublished":"2021-11-23T08:23:25+00:00","breadcrumb":{"@id":"https:\/\/meteodomani.it\/?p=1149#breadcrumb"},"inLanguage":"it-IT","potentialAction":[{"@type":"ReadAction","target":["https:\/\/meteodomani.it\/?p=1149"]}]},{"@type":"ImageObject","inLanguage":"it-IT","@id":"https:\/\/meteodomani.it\/?p=1149#primaryimage","url":"https:\/\/meteodomani.it\/wp-content\/uploads\/2021\/11\/mountain-landscape-2031539_1920.jpg","contentUrl":"https:\/\/meteodomani.it\/wp-content\/uploads\/2021\/11\/mountain-landscape-2031539_1920.jpg","width":1920,"height":1080},{"@type":"BreadcrumbList","@id":"https:\/\/meteodomani.it\/?p=1149#breadcrumb","itemListElement":[{"@type":"ListItem","position":1,"name":"Home","item":"https:\/\/meteodomani.it\/"},{"@type":"ListItem","position":2,"name":"Da gioved\u00ec anticipo di inverno, nevicate su Alpi e Appennino"}]},{"@type":"WebSite","@id":"https:\/\/meteodomani.it\/#website","url":"https:\/\/meteodomani.it\/","name":"Meteo Domani","description":"il meteo di domani","publisher":{"@id":"https:\/\/meteodomani.it\/#organization"},"potentialAction":[{"@type":"SearchAction","target":{"@type":"EntryPoint","urlTemplate":"https:\/\/meteodomani.it\/?s={search_term_string}"},"query-input":{"@type":"PropertyValueSpecification","valueRequired":true,"valueName":"search_term_string"}}],"inLanguage":"it-IT"},{"@type":"Organization","@id":"https:\/\/meteodomani.it\/#organization","name":"Meteo Domani","url":"https:\/\/meteodomani.it\/","logo":{"@type":"ImageObject","inLanguage":"it-IT","@id":"https:\/\/meteodomani.it\/#\/schema\/logo\/image\/","url":"https:\/\/meteodomani.it\/wp-content\/uploads\/2021\/10\/meteodomani-logo.png","contentUrl":"https:\/\/meteodomani.it\/wp-content\/uploads\/2021\/10\/meteodomani-logo.png","width":500,"height":500,"caption":"Meteo Domani"},"image":{"@id":"https:\/\/meteodomani.it\/#\/schema\/logo\/image\/"}},{"@type":"Person","@id":"https:\/\/meteodomani.it\/#\/schema\/person\/6c388efe0f8a16076b21b9488a8498ce","name":"Giovanni Meani","image":{"@type":"ImageObject","inLanguage":"it-IT","@id":"https:\/\/secure.gravatar.com\/avatar\/0d56741cdc0bc087a77e3e8953509cb8f69ad43be2346e37437a7f6039505e7b?s=96&d=mm&r=g","url":"https:\/\/secure.gravatar.com\/avatar\/0d56741cdc0bc087a77e3e8953509cb8f69ad43be2346e37437a7f6039505e7b?s=96&d=mm&r=g","contentUrl":"https:\/\/secure.gravatar.com\/avatar\/0d56741cdc0bc087a77e3e8953509cb8f69ad43be2346e37437a7f6039505e7b?s=96&d=mm&r=g","caption":"Giovanni Meani"},"url":"https:\/\/meteodomani.it\/?author=4"}]}},"_links":{"self":[{"href":"https:\/\/meteodomani.it\/index.php?rest_route=\/wp\/v2\/posts\/1149","targetHints":{"allow":["GET"]}}],"collection":[{"href":"https:\/\/meteodomani.it\/index.php?rest_route=\/wp\/v2\/posts"}],"about":[{"href":"https:\/\/meteodomani.it\/index.php?rest_route=\/wp\/v2\/types\/post"}],"author":[{"embeddable":true,"href":"https:\/\/meteodomani.it\/index.php?rest_route=\/wp\/v2\/users\/4"}],"replies":[{"embeddable":true,"href":"https:\/\/meteodomani.it\/index.php?rest_route=%2Fwp%2Fv2%2Fcomments&post=1149"}],"version-history":[{"count":2,"href":"https:\/\/meteodomani.it\/index.php?rest_route=\/wp\/v2\/posts\/1149\/revisions"}],"predecessor-version":[{"id":1153,"href":"https:\/\/meteodomani.it\/index.php?rest_route=\/wp\/v2\/posts\/1149\/revisions\/1153"}],"wp:featuredmedia":[{"embeddable":true,"href":"https:\/\/meteodomani.it\/index.php?rest_route=\/wp\/v2\/media\/1150"}],"wp:attachment":[{"href":"https:\/\/meteodomani.it\/index.php?rest_route=%2Fwp%2Fv2%2Fmedia&parent=1149"}],"wp:term":[{"taxonomy":"category","embeddable":true,"href":"https:\/\/meteodomani.it\/index.php?rest_route=%2Fwp%2Fv2%2Fcategories&post=1149"},{"taxonomy":"post_tag","embeddable":true,"href":"https:\/\/meteodomani.it\/index.php?rest_route=%2Fwp%2Fv2%2Ftags&post=1149"}],"curies":[{"name":"wp","href":"https:\/\/api.w.org\/{rel}","templated":true}]}}