{"id":1204,"date":"2021-11-29T10:02:03","date_gmt":"2021-11-29T09:02:03","guid":{"rendered":"https:\/\/meteodomani.it\/?p=1204"},"modified":"2021-11-29T10:02:03","modified_gmt":"2021-11-29T09:02:03","slug":"sullappennino-neve-a-400-metri-di-quota","status":"publish","type":"post","link":"https:\/\/meteodomani.it\/?p=1204","title":{"rendered":"Sull&#8217;Appennino neve a 400 metri di quota"},"content":{"rendered":"<p>Alla vigilia del mese di dicembre, le <strong>nevicate<\/strong> sono comparse su tutti i rilievi italiani. E con la sacca depressionaria di origine artica, anche a quote pi\u00f9 basse.<\/p>\n<p>Le piogge nella mattinata di luned\u00ec 29 novembre sulla Romagna si sono trasformate, sull&#8217;Appennino, in<strong> nevicate gi\u00e0 a partire dai 400 &#8211; 500 metri di quota<\/strong>.<\/p>\n<p>Tempo ancora pi\u00f9 instabile al Centro &#8211; Sud, con rovesci anche di forte intensit\u00e0 sul versante tirrenico; possibilit\u00e0 di temporali locali e anche qualche grandinata. Nel pomeriggio, pioggia anche sul versante adriatico. Anche l&#8217;Appennino meridionale ospiter\u00e0 la neve, anche qui a quote basse, a partire da <strong>400 metri di quota<\/strong>.<\/p>\n","protected":false},"excerpt":{"rendered":"<p>Alla vigilia del mese di dicembre, le nevicate sono comparse su tutti i rilievi italiani. E con la sacca depressionaria di origine artica, anche a quote pi\u00f9 basse. Le piogge nella mattinata di luned\u00ec 29 novembre sulla Romagna si sono trasformate, sull&#8217;Appennino, in nevicate gi\u00e0 a partire dai 400 &#8211; 500 metri di quota. Tempo [&hellip;]<\/p>\n","protected":false},"author":4,"featured_media":1151,"comment_status":"open","ping_status":"open","sticky":false,"template":"","format":"standard","meta":{"site-sidebar-layout":"default","site-content-layout":"default","ast-site-content-layout":"default","site-content-style":"default","site-sidebar-style":"default","ast-global-header-display":"","ast-banner-title-visibility":"","ast-main-header-display":"","ast-hfb-above-header-display":"","ast-hfb-below-header-display":"","ast-hfb-mobile-header-display":"","site-post-title":"","ast-breadcrumbs-content":"","ast-featured-img":"","footer-sml-layout":"","ast-disable-related-posts":"","theme-transparent-header-meta":"default","adv-header-id-meta":"","stick-header-meta":"","header-above-stick-meta":"","header-main-stick-meta":"","header-below-stick-meta":"","astra-migrate-meta-layouts":"default","ast-page-background-enabled":"default","ast-page-background-meta":{"desktop":{"background-color":"var(--ast-global-color-4)","background-image":"","background-repeat":"repeat","background-position":"center center","background-size":"auto","background-attachment":"scroll","background-type":"","background-media":"","overlay-type":"","overlay-color":"","overlay-opacity":"","overlay-gradient":""},"tablet":{"background-color":"","background-image":"","background-repeat":"repeat","background-position":"center center","background-size":"auto","background-attachment":"scroll","background-type":"","background-media":"","overlay-type":"","overlay-color":"","overlay-opacity":"","overlay-gradient":""},"mobile":{"background-color":"","background-image":"","background-repeat":"repeat","background-position":"center center","background-size":"auto","background-attachment":"scroll","background-type":"","background-media":"","overlay-type":"","overlay-color":"","overlay-opacity":"","overlay-gradient":""}},"ast-content-background-meta":{"desktop":{"background-color":"var(--ast-global-color-5)","background-image":"","background-repeat":"repeat","background-position":"center center","background-size":"auto","background-attachment":"scroll","background-type":"","background-media":"","overlay-type":"","overlay-color":"","overlay-opacity":"","overlay-gradient":""},"tablet":{"background-color":"var(--ast-global-color-5)","background-image":"","background-repeat":"repeat","background-position":"center center","background-size":"auto","background-attachment":"scroll","background-type":"","background-media":"","overlay-type":"","overlay-color":"","overlay-opacity":"","overlay-gradient":""},"mobile":{"background-color":"var(--ast-global-color-5)","background-image":"","background-repeat":"repeat","background-position":"center center","background-size":"auto","background-attachment":"scroll","background-type":"","background-media":"","overlay-type":"","overlay-color":"","overlay-opacity":"","overlay-gradient":""}},"footnotes":""},"categories":[1],"tags":[],"class_list":["post-1204","post","type-post","status-publish","format-standard","has-post-thumbnail","hentry","category-meteo-news"],"yoast_head":"<!-- This site is optimized with the Yoast SEO plugin v27.4 - https:\/\/yoast.com\/product\/yoast-seo-wordpress\/ -->\n<title>Sull&#039;Appennino neve a 400 metri di quota - Meteo Domani<\/title>\n<meta name=\"robots\" content=\"index, follow, max-snippet:-1, max-image-preview:large, max-video-preview:-1\" \/>\n<link rel=\"canonical\" href=\"https:\/\/meteodomani.it\/?p=1204\" \/>\n<meta property=\"og:locale\" content=\"it_IT\" \/>\n<meta property=\"og:type\" content=\"article\" \/>\n<meta property=\"og:title\" content=\"Sull&#039;Appennino neve a 400 metri di quota - Meteo Domani\" \/>\n<meta property=\"og:description\" content=\"Alla vigilia del mese di dicembre, le nevicate sono comparse su tutti i rilievi italiani. E con la sacca depressionaria di origine artica, anche a quote pi\u00f9 basse. Le piogge nella mattinata di luned\u00ec 29 novembre sulla Romagna si sono trasformate, sull&#8217;Appennino, in nevicate gi\u00e0 a partire dai 400 &#8211; 500 metri di quota. Tempo [&hellip;]\" \/>\n<meta property=\"og:url\" content=\"https:\/\/meteodomani.it\/?p=1204\" \/>\n<meta property=\"og:site_name\" content=\"Meteo Domani\" \/>\n<meta property=\"article:published_time\" content=\"2021-11-29T09:02:03+00:00\" \/>\n<meta property=\"og:image\" content=\"https:\/\/meteodomani.it\/wp-content\/uploads\/2021\/11\/alps-2795929_1920.jpg\" \/>\n\t<meta property=\"og:image:width\" content=\"1920\" \/>\n\t<meta property=\"og:image:height\" content=\"1080\" \/>\n\t<meta property=\"og:image:type\" content=\"image\/jpeg\" \/>\n<meta name=\"author\" content=\"Giovanni Meani\" \/>\n<meta name=\"twitter:card\" content=\"summary_large_image\" \/>\n<meta name=\"twitter:label1\" content=\"Scritto da\" \/>\n\t<meta name=\"twitter:data1\" content=\"Giovanni Meani\" \/>\n\t<meta name=\"twitter:label2\" content=\"Tempo di lettura stimato\" \/>\n\t<meta name=\"twitter:data2\" content=\"1 minuto\" \/>\n<script type=\"application\/ld+json\" class=\"yoast-schema-graph\">{\"@context\":\"https:\\\/\\\/schema.org\",\"@graph\":[{\"@type\":\"Article\",\"@id\":\"https:\\\/\\\/meteodomani.it\\\/?p=1204#article\",\"isPartOf\":{\"@id\":\"https:\\\/\\\/meteodomani.it\\\/?p=1204\"},\"author\":{\"name\":\"Giovanni Meani\",\"@id\":\"https:\\\/\\\/meteodomani.it\\\/#\\\/schema\\\/person\\\/6c388efe0f8a16076b21b9488a8498ce\"},\"headline\":\"Sull&#8217;Appennino neve a 400 metri di quota\",\"datePublished\":\"2021-11-29T09:02:03+00:00\",\"mainEntityOfPage\":{\"@id\":\"https:\\\/\\\/meteodomani.it\\\/?p=1204\"},\"wordCount\":109,\"commentCount\":0,\"publisher\":{\"@id\":\"https:\\\/\\\/meteodomani.it\\\/#organization\"},\"image\":{\"@id\":\"https:\\\/\\\/meteodomani.it\\\/?p=1204#primaryimage\"},\"thumbnailUrl\":\"https:\\\/\\\/meteodomani.it\\\/wp-content\\\/uploads\\\/2021\\\/11\\\/alps-2795929_1920.jpg\",\"articleSection\":[\"Meteo News\"],\"inLanguage\":\"it-IT\",\"potentialAction\":[{\"@type\":\"CommentAction\",\"name\":\"Comment\",\"target\":[\"https:\\\/\\\/meteodomani.it\\\/?p=1204#respond\"]}]},{\"@type\":\"WebPage\",\"@id\":\"https:\\\/\\\/meteodomani.it\\\/?p=1204\",\"url\":\"https:\\\/\\\/meteodomani.it\\\/?p=1204\",\"name\":\"Sull'Appennino neve a 400 metri di quota - Meteo Domani\",\"isPartOf\":{\"@id\":\"https:\\\/\\\/meteodomani.it\\\/#website\"},\"primaryImageOfPage\":{\"@id\":\"https:\\\/\\\/meteodomani.it\\\/?p=1204#primaryimage\"},\"image\":{\"@id\":\"https:\\\/\\\/meteodomani.it\\\/?p=1204#primaryimage\"},\"thumbnailUrl\":\"https:\\\/\\\/meteodomani.it\\\/wp-content\\\/uploads\\\/2021\\\/11\\\/alps-2795929_1920.jpg\",\"datePublished\":\"2021-11-29T09:02:03+00:00\",\"breadcrumb\":{\"@id\":\"https:\\\/\\\/meteodomani.it\\\/?p=1204#breadcrumb\"},\"inLanguage\":\"it-IT\",\"potentialAction\":[{\"@type\":\"ReadAction\",\"target\":[\"https:\\\/\\\/meteodomani.it\\\/?p=1204\"]}]},{\"@type\":\"ImageObject\",\"inLanguage\":\"it-IT\",\"@id\":\"https:\\\/\\\/meteodomani.it\\\/?p=1204#primaryimage\",\"url\":\"https:\\\/\\\/meteodomani.it\\\/wp-content\\\/uploads\\\/2021\\\/11\\\/alps-2795929_1920.jpg\",\"contentUrl\":\"https:\\\/\\\/meteodomani.it\\\/wp-content\\\/uploads\\\/2021\\\/11\\\/alps-2795929_1920.jpg\",\"width\":1920,\"height\":1080},{\"@type\":\"BreadcrumbList\",\"@id\":\"https:\\\/\\\/meteodomani.it\\\/?p=1204#breadcrumb\",\"itemListElement\":[{\"@type\":\"ListItem\",\"position\":1,\"name\":\"Home\",\"item\":\"https:\\\/\\\/meteodomani.it\\\/\"},{\"@type\":\"ListItem\",\"position\":2,\"name\":\"Sull&#8217;Appennino neve a 400 metri di quota\"}]},{\"@type\":\"WebSite\",\"@id\":\"https:\\\/\\\/meteodomani.it\\\/#website\",\"url\":\"https:\\\/\\\/meteodomani.it\\\/\",\"name\":\"Meteo Domani\",\"description\":\"il meteo di domani\",\"publisher\":{\"@id\":\"https:\\\/\\\/meteodomani.it\\\/#organization\"},\"potentialAction\":[{\"@type\":\"SearchAction\",\"target\":{\"@type\":\"EntryPoint\",\"urlTemplate\":\"https:\\\/\\\/meteodomani.it\\\/?s={search_term_string}\"},\"query-input\":{\"@type\":\"PropertyValueSpecification\",\"valueRequired\":true,\"valueName\":\"search_term_string\"}}],\"inLanguage\":\"it-IT\"},{\"@type\":\"Organization\",\"@id\":\"https:\\\/\\\/meteodomani.it\\\/#organization\",\"name\":\"Meteo Domani\",\"url\":\"https:\\\/\\\/meteodomani.it\\\/\",\"logo\":{\"@type\":\"ImageObject\",\"inLanguage\":\"it-IT\",\"@id\":\"https:\\\/\\\/meteodomani.it\\\/#\\\/schema\\\/logo\\\/image\\\/\",\"url\":\"https:\\\/\\\/meteodomani.it\\\/wp-content\\\/uploads\\\/2021\\\/10\\\/meteodomani-logo.png\",\"contentUrl\":\"https:\\\/\\\/meteodomani.it\\\/wp-content\\\/uploads\\\/2021\\\/10\\\/meteodomani-logo.png\",\"width\":500,\"height\":500,\"caption\":\"Meteo Domani\"},\"image\":{\"@id\":\"https:\\\/\\\/meteodomani.it\\\/#\\\/schema\\\/logo\\\/image\\\/\"}},{\"@type\":\"Person\",\"@id\":\"https:\\\/\\\/meteodomani.it\\\/#\\\/schema\\\/person\\\/6c388efe0f8a16076b21b9488a8498ce\",\"name\":\"Giovanni Meani\",\"image\":{\"@type\":\"ImageObject\",\"inLanguage\":\"it-IT\",\"@id\":\"https:\\\/\\\/secure.gravatar.com\\\/avatar\\\/0d56741cdc0bc087a77e3e8953509cb8f69ad43be2346e37437a7f6039505e7b?s=96&d=mm&r=g\",\"url\":\"https:\\\/\\\/secure.gravatar.com\\\/avatar\\\/0d56741cdc0bc087a77e3e8953509cb8f69ad43be2346e37437a7f6039505e7b?s=96&d=mm&r=g\",\"contentUrl\":\"https:\\\/\\\/secure.gravatar.com\\\/avatar\\\/0d56741cdc0bc087a77e3e8953509cb8f69ad43be2346e37437a7f6039505e7b?s=96&d=mm&r=g\",\"caption\":\"Giovanni Meani\"},\"url\":\"https:\\\/\\\/meteodomani.it\\\/?author=4\"}]}<\/script>\n<!-- \/ Yoast SEO plugin. -->","yoast_head_json":{"title":"Sull'Appennino neve a 400 metri di quota - Meteo Domani","robots":{"index":"index","follow":"follow","max-snippet":"max-snippet:-1","max-image-preview":"max-image-preview:large","max-video-preview":"max-video-preview:-1"},"canonical":"https:\/\/meteodomani.it\/?p=1204","og_locale":"it_IT","og_type":"article","og_title":"Sull'Appennino neve a 400 metri di quota - Meteo Domani","og_description":"Alla vigilia del mese di dicembre, le nevicate sono comparse su tutti i rilievi italiani. E con la sacca depressionaria di origine artica, anche a quote pi\u00f9 basse. Le piogge nella mattinata di luned\u00ec 29 novembre sulla Romagna si sono trasformate, sull&#8217;Appennino, in nevicate gi\u00e0 a partire dai 400 &#8211; 500 metri di quota. Tempo [&hellip;]","og_url":"https:\/\/meteodomani.it\/?p=1204","og_site_name":"Meteo Domani","article_published_time":"2021-11-29T09:02:03+00:00","og_image":[{"width":1920,"height":1080,"url":"https:\/\/meteodomani.it\/wp-content\/uploads\/2021\/11\/alps-2795929_1920.jpg","type":"image\/jpeg"}],"author":"Giovanni Meani","twitter_card":"summary_large_image","twitter_misc":{"Scritto da":"Giovanni Meani","Tempo di lettura stimato":"1 minuto"},"schema":{"@context":"https:\/\/schema.org","@graph":[{"@type":"Article","@id":"https:\/\/meteodomani.it\/?p=1204#article","isPartOf":{"@id":"https:\/\/meteodomani.it\/?p=1204"},"author":{"name":"Giovanni Meani","@id":"https:\/\/meteodomani.it\/#\/schema\/person\/6c388efe0f8a16076b21b9488a8498ce"},"headline":"Sull&#8217;Appennino neve a 400 metri di quota","datePublished":"2021-11-29T09:02:03+00:00","mainEntityOfPage":{"@id":"https:\/\/meteodomani.it\/?p=1204"},"wordCount":109,"commentCount":0,"publisher":{"@id":"https:\/\/meteodomani.it\/#organization"},"image":{"@id":"https:\/\/meteodomani.it\/?p=1204#primaryimage"},"thumbnailUrl":"https:\/\/meteodomani.it\/wp-content\/uploads\/2021\/11\/alps-2795929_1920.jpg","articleSection":["Meteo News"],"inLanguage":"it-IT","potentialAction":[{"@type":"CommentAction","name":"Comment","target":["https:\/\/meteodomani.it\/?p=1204#respond"]}]},{"@type":"WebPage","@id":"https:\/\/meteodomani.it\/?p=1204","url":"https:\/\/meteodomani.it\/?p=1204","name":"Sull'Appennino neve a 400 metri di quota - Meteo Domani","isPartOf":{"@id":"https:\/\/meteodomani.it\/#website"},"primaryImageOfPage":{"@id":"https:\/\/meteodomani.it\/?p=1204#primaryimage"},"image":{"@id":"https:\/\/meteodomani.it\/?p=1204#primaryimage"},"thumbnailUrl":"https:\/\/meteodomani.it\/wp-content\/uploads\/2021\/11\/alps-2795929_1920.jpg","datePublished":"2021-11-29T09:02:03+00:00","breadcrumb":{"@id":"https:\/\/meteodomani.it\/?p=1204#breadcrumb"},"inLanguage":"it-IT","potentialAction":[{"@type":"ReadAction","target":["https:\/\/meteodomani.it\/?p=1204"]}]},{"@type":"ImageObject","inLanguage":"it-IT","@id":"https:\/\/meteodomani.it\/?p=1204#primaryimage","url":"https:\/\/meteodomani.it\/wp-content\/uploads\/2021\/11\/alps-2795929_1920.jpg","contentUrl":"https:\/\/meteodomani.it\/wp-content\/uploads\/2021\/11\/alps-2795929_1920.jpg","width":1920,"height":1080},{"@type":"BreadcrumbList","@id":"https:\/\/meteodomani.it\/?p=1204#breadcrumb","itemListElement":[{"@type":"ListItem","position":1,"name":"Home","item":"https:\/\/meteodomani.it\/"},{"@type":"ListItem","position":2,"name":"Sull&#8217;Appennino neve a 400 metri di quota"}]},{"@type":"WebSite","@id":"https:\/\/meteodomani.it\/#website","url":"https:\/\/meteodomani.it\/","name":"Meteo Domani","description":"il meteo di domani","publisher":{"@id":"https:\/\/meteodomani.it\/#organization"},"potentialAction":[{"@type":"SearchAction","target":{"@type":"EntryPoint","urlTemplate":"https:\/\/meteodomani.it\/?s={search_term_string}"},"query-input":{"@type":"PropertyValueSpecification","valueRequired":true,"valueName":"search_term_string"}}],"inLanguage":"it-IT"},{"@type":"Organization","@id":"https:\/\/meteodomani.it\/#organization","name":"Meteo Domani","url":"https:\/\/meteodomani.it\/","logo":{"@type":"ImageObject","inLanguage":"it-IT","@id":"https:\/\/meteodomani.it\/#\/schema\/logo\/image\/","url":"https:\/\/meteodomani.it\/wp-content\/uploads\/2021\/10\/meteodomani-logo.png","contentUrl":"https:\/\/meteodomani.it\/wp-content\/uploads\/2021\/10\/meteodomani-logo.png","width":500,"height":500,"caption":"Meteo Domani"},"image":{"@id":"https:\/\/meteodomani.it\/#\/schema\/logo\/image\/"}},{"@type":"Person","@id":"https:\/\/meteodomani.it\/#\/schema\/person\/6c388efe0f8a16076b21b9488a8498ce","name":"Giovanni Meani","image":{"@type":"ImageObject","inLanguage":"it-IT","@id":"https:\/\/secure.gravatar.com\/avatar\/0d56741cdc0bc087a77e3e8953509cb8f69ad43be2346e37437a7f6039505e7b?s=96&d=mm&r=g","url":"https:\/\/secure.gravatar.com\/avatar\/0d56741cdc0bc087a77e3e8953509cb8f69ad43be2346e37437a7f6039505e7b?s=96&d=mm&r=g","contentUrl":"https:\/\/secure.gravatar.com\/avatar\/0d56741cdc0bc087a77e3e8953509cb8f69ad43be2346e37437a7f6039505e7b?s=96&d=mm&r=g","caption":"Giovanni Meani"},"url":"https:\/\/meteodomani.it\/?author=4"}]}},"_links":{"self":[{"href":"https:\/\/meteodomani.it\/index.php?rest_route=\/wp\/v2\/posts\/1204","targetHints":{"allow":["GET"]}}],"collection":[{"href":"https:\/\/meteodomani.it\/index.php?rest_route=\/wp\/v2\/posts"}],"about":[{"href":"https:\/\/meteodomani.it\/index.php?rest_route=\/wp\/v2\/types\/post"}],"author":[{"embeddable":true,"href":"https:\/\/meteodomani.it\/index.php?rest_route=\/wp\/v2\/users\/4"}],"replies":[{"embeddable":true,"href":"https:\/\/meteodomani.it\/index.php?rest_route=%2Fwp%2Fv2%2Fcomments&post=1204"}],"version-history":[{"count":1,"href":"https:\/\/meteodomani.it\/index.php?rest_route=\/wp\/v2\/posts\/1204\/revisions"}],"predecessor-version":[{"id":1205,"href":"https:\/\/meteodomani.it\/index.php?rest_route=\/wp\/v2\/posts\/1204\/revisions\/1205"}],"wp:featuredmedia":[{"embeddable":true,"href":"https:\/\/meteodomani.it\/index.php?rest_route=\/wp\/v2\/media\/1151"}],"wp:attachment":[{"href":"https:\/\/meteodomani.it\/index.php?rest_route=%2Fwp%2Fv2%2Fmedia&parent=1204"}],"wp:term":[{"taxonomy":"category","embeddable":true,"href":"https:\/\/meteodomani.it\/index.php?rest_route=%2Fwp%2Fv2%2Fcategories&post=1204"},{"taxonomy":"post_tag","embeddable":true,"href":"https:\/\/meteodomani.it\/index.php?rest_route=%2Fwp%2Fv2%2Ftags&post=1204"}],"curies":[{"name":"wp","href":"https:\/\/api.w.org\/{rel}","templated":true}]}}