{"id":977,"date":"2021-11-08T09:51:25","date_gmt":"2021-11-08T08:51:25","guid":{"rendered":"https:\/\/meteodomani.it\/?p=977"},"modified":"2021-11-12T09:40:12","modified_gmt":"2021-11-12T08:40:12","slug":"per-meta-novembre-possibile-neve-in-collina","status":"publish","type":"post","link":"https:\/\/meteodomani.it\/?p=977","title":{"rendered":"Per met\u00e0 novembre possibile neve in collina"},"content":{"rendered":"<p dir=\"ltr\">L&#8217;inverno sta arrivando. Quello vero. Le fasi alternate di instabilit\u00e0 intervallate da giorni sereni, intorno alla<strong> met\u00e0 di novembre<\/strong> lasceranno il posto a una fase meteorologica tipicamente invernale.<\/p>\n<p dir=\"ltr\">Una ipotesi supportata da diversi modelli, dall&#8217;europeo ECMWF al canadese GEM. L&#8217;Italia subir\u00e0 un <strong>attacco di aria fredda<\/strong> in arriva direttamente dalla zona artica. Si prevedono isoterme a quote 850hPa e fino a &#8211; 9 gradi.<br \/>\nAl momento quindi si prospettano <strong>nevicate anche in zona collinare, ovvero intorno ai 500 &#8211; 600 metri<\/strong>, lungo tutto lo Stivale. La neve potrebbe fare capolino gi\u00e0 nelle giornate del 15 e del 16 novembre. La situazione climatica \u00e8 comunque in continua evoluzione, seguiranno aggiornamenti pi\u00f9 precisi nei prossimi giorni.<\/p>\n","protected":false},"excerpt":{"rendered":"<p>L&#8217;inverno sta arrivando. Quello vero. Le fasi alternate di instabilit\u00e0 intervallate da giorni sereni, intorno alla met\u00e0 di novembre lasceranno il posto a una fase meteorologica tipicamente invernale. Una ipotesi supportata da diversi modelli, dall&#8217;europeo ECMWF al canadese GEM. L&#8217;Italia subir\u00e0 un attacco di aria fredda in arriva direttamente dalla zona artica. Si prevedono isoterme [&hellip;]<\/p>\n","protected":false},"author":2,"featured_media":981,"comment_status":"open","ping_status":"open","sticky":false,"template":"","format":"standard","meta":{"site-sidebar-layout":"default","site-content-layout":"default","ast-site-content-layout":"default","site-content-style":"default","site-sidebar-style":"default","ast-global-header-display":"","ast-banner-title-visibility":"","ast-main-header-display":"","ast-hfb-above-header-display":"","ast-hfb-below-header-display":"","ast-hfb-mobile-header-display":"","site-post-title":"","ast-breadcrumbs-content":"","ast-featured-img":"","footer-sml-layout":"","ast-disable-related-posts":"","theme-transparent-header-meta":"default","adv-header-id-meta":"","stick-header-meta":"","header-above-stick-meta":"","header-main-stick-meta":"","header-below-stick-meta":"","astra-migrate-meta-layouts":"default","ast-page-background-enabled":"default","ast-page-background-meta":{"desktop":{"background-color":"var(--ast-global-color-4)","background-image":"","background-repeat":"repeat","background-position":"center center","background-size":"auto","background-attachment":"scroll","background-type":"","background-media":"","overlay-type":"","overlay-color":"","overlay-opacity":"","overlay-gradient":""},"tablet":{"background-color":"","background-image":"","background-repeat":"repeat","background-position":"center center","background-size":"auto","background-attachment":"scroll","background-type":"","background-media":"","overlay-type":"","overlay-color":"","overlay-opacity":"","overlay-gradient":""},"mobile":{"background-color":"","background-image":"","background-repeat":"repeat","background-position":"center center","background-size":"auto","background-attachment":"scroll","background-type":"","background-media":"","overlay-type":"","overlay-color":"","overlay-opacity":"","overlay-gradient":""}},"ast-content-background-meta":{"desktop":{"background-color":"var(--ast-global-color-5)","background-image":"","background-repeat":"repeat","background-position":"center center","background-size":"auto","background-attachment":"scroll","background-type":"","background-media":"","overlay-type":"","overlay-color":"","overlay-opacity":"","overlay-gradient":""},"tablet":{"background-color":"var(--ast-global-color-5)","background-image":"","background-repeat":"repeat","background-position":"center center","background-size":"auto","background-attachment":"scroll","background-type":"","background-media":"","overlay-type":"","overlay-color":"","overlay-opacity":"","overlay-gradient":""},"mobile":{"background-color":"var(--ast-global-color-5)","background-image":"","background-repeat":"repeat","background-position":"center center","background-size":"auto","background-attachment":"scroll","background-type":"","background-media":"","overlay-type":"","overlay-color":"","overlay-opacity":"","overlay-gradient":""}},"footnotes":""},"categories":[1],"tags":[],"class_list":["post-977","post","type-post","status-publish","format-standard","has-post-thumbnail","hentry","category-meteo-news"],"yoast_head":"<!-- This site is optimized with the Yoast SEO plugin v27.4 - https:\/\/yoast.com\/product\/yoast-seo-wordpress\/ -->\n<title>Per met\u00e0 novembre possibile neve in collina - Meteo Domani<\/title>\n<meta name=\"robots\" content=\"index, follow, max-snippet:-1, max-image-preview:large, max-video-preview:-1\" \/>\n<link rel=\"canonical\" href=\"https:\/\/meteodomani.it\/?p=977\" \/>\n<meta property=\"og:locale\" content=\"it_IT\" \/>\n<meta property=\"og:type\" content=\"article\" \/>\n<meta property=\"og:title\" content=\"Per met\u00e0 novembre possibile neve in collina - Meteo Domani\" \/>\n<meta property=\"og:description\" content=\"L&#8217;inverno sta arrivando. Quello vero. Le fasi alternate di instabilit\u00e0 intervallate da giorni sereni, intorno alla met\u00e0 di novembre lasceranno il posto a una fase meteorologica tipicamente invernale. Una ipotesi supportata da diversi modelli, dall&#8217;europeo ECMWF al canadese GEM. L&#8217;Italia subir\u00e0 un attacco di aria fredda in arriva direttamente dalla zona artica. Si prevedono isoterme [&hellip;]\" \/>\n<meta property=\"og:url\" content=\"https:\/\/meteodomani.it\/?p=977\" \/>\n<meta property=\"og:site_name\" content=\"Meteo Domani\" \/>\n<meta property=\"article:published_time\" content=\"2021-11-08T08:51:25+00:00\" \/>\n<meta property=\"article:modified_time\" content=\"2021-11-12T08:40:12+00:00\" \/>\n<meta property=\"og:image\" content=\"https:\/\/meteodomani.it\/wp-content\/uploads\/2021\/11\/mountains-736886_1280.jpg\" \/>\n\t<meta property=\"og:image:width\" content=\"1280\" \/>\n\t<meta property=\"og:image:height\" content=\"834\" \/>\n\t<meta property=\"og:image:type\" content=\"image\/jpeg\" \/>\n<meta name=\"author\" content=\"Eva Alessandri\" \/>\n<meta name=\"twitter:card\" content=\"summary_large_image\" \/>\n<meta name=\"twitter:label1\" content=\"Scritto da\" \/>\n\t<meta name=\"twitter:data1\" content=\"Eva Alessandri\" \/>\n\t<meta name=\"twitter:label2\" content=\"Tempo di lettura stimato\" \/>\n\t<meta name=\"twitter:data2\" content=\"1 minuto\" \/>\n<script type=\"application\/ld+json\" class=\"yoast-schema-graph\">{\"@context\":\"https:\\\/\\\/schema.org\",\"@graph\":[{\"@type\":\"Article\",\"@id\":\"https:\\\/\\\/meteodomani.it\\\/?p=977#article\",\"isPartOf\":{\"@id\":\"https:\\\/\\\/meteodomani.it\\\/?p=977\"},\"author\":{\"name\":\"Eva Alessandri\",\"@id\":\"https:\\\/\\\/meteodomani.it\\\/#\\\/schema\\\/person\\\/adaff9169105296412205f08f1bd37c3\"},\"headline\":\"Per met\u00e0 novembre possibile neve in collina\",\"datePublished\":\"2021-11-08T08:51:25+00:00\",\"dateModified\":\"2021-11-12T08:40:12+00:00\",\"mainEntityOfPage\":{\"@id\":\"https:\\\/\\\/meteodomani.it\\\/?p=977\"},\"wordCount\":118,\"commentCount\":0,\"publisher\":{\"@id\":\"https:\\\/\\\/meteodomani.it\\\/#organization\"},\"image\":{\"@id\":\"https:\\\/\\\/meteodomani.it\\\/?p=977#primaryimage\"},\"thumbnailUrl\":\"https:\\\/\\\/meteodomani.it\\\/wp-content\\\/uploads\\\/2021\\\/11\\\/mountains-736886_1280.jpg\",\"articleSection\":[\"Meteo News\"],\"inLanguage\":\"it-IT\",\"potentialAction\":[{\"@type\":\"CommentAction\",\"name\":\"Comment\",\"target\":[\"https:\\\/\\\/meteodomani.it\\\/?p=977#respond\"]}]},{\"@type\":\"WebPage\",\"@id\":\"https:\\\/\\\/meteodomani.it\\\/?p=977\",\"url\":\"https:\\\/\\\/meteodomani.it\\\/?p=977\",\"name\":\"Per met\u00e0 novembre possibile neve in collina - Meteo Domani\",\"isPartOf\":{\"@id\":\"https:\\\/\\\/meteodomani.it\\\/#website\"},\"primaryImageOfPage\":{\"@id\":\"https:\\\/\\\/meteodomani.it\\\/?p=977#primaryimage\"},\"image\":{\"@id\":\"https:\\\/\\\/meteodomani.it\\\/?p=977#primaryimage\"},\"thumbnailUrl\":\"https:\\\/\\\/meteodomani.it\\\/wp-content\\\/uploads\\\/2021\\\/11\\\/mountains-736886_1280.jpg\",\"datePublished\":\"2021-11-08T08:51:25+00:00\",\"dateModified\":\"2021-11-12T08:40:12+00:00\",\"breadcrumb\":{\"@id\":\"https:\\\/\\\/meteodomani.it\\\/?p=977#breadcrumb\"},\"inLanguage\":\"it-IT\",\"potentialAction\":[{\"@type\":\"ReadAction\",\"target\":[\"https:\\\/\\\/meteodomani.it\\\/?p=977\"]}]},{\"@type\":\"ImageObject\",\"inLanguage\":\"it-IT\",\"@id\":\"https:\\\/\\\/meteodomani.it\\\/?p=977#primaryimage\",\"url\":\"https:\\\/\\\/meteodomani.it\\\/wp-content\\\/uploads\\\/2021\\\/11\\\/mountains-736886_1280.jpg\",\"contentUrl\":\"https:\\\/\\\/meteodomani.it\\\/wp-content\\\/uploads\\\/2021\\\/11\\\/mountains-736886_1280.jpg\",\"width\":1280,\"height\":834},{\"@type\":\"BreadcrumbList\",\"@id\":\"https:\\\/\\\/meteodomani.it\\\/?p=977#breadcrumb\",\"itemListElement\":[{\"@type\":\"ListItem\",\"position\":1,\"name\":\"Home\",\"item\":\"https:\\\/\\\/meteodomani.it\\\/\"},{\"@type\":\"ListItem\",\"position\":2,\"name\":\"Per met\u00e0 novembre possibile neve in collina\"}]},{\"@type\":\"WebSite\",\"@id\":\"https:\\\/\\\/meteodomani.it\\\/#website\",\"url\":\"https:\\\/\\\/meteodomani.it\\\/\",\"name\":\"Meteo Domani\",\"description\":\"il meteo di domani\",\"publisher\":{\"@id\":\"https:\\\/\\\/meteodomani.it\\\/#organization\"},\"potentialAction\":[{\"@type\":\"SearchAction\",\"target\":{\"@type\":\"EntryPoint\",\"urlTemplate\":\"https:\\\/\\\/meteodomani.it\\\/?s={search_term_string}\"},\"query-input\":{\"@type\":\"PropertyValueSpecification\",\"valueRequired\":true,\"valueName\":\"search_term_string\"}}],\"inLanguage\":\"it-IT\"},{\"@type\":\"Organization\",\"@id\":\"https:\\\/\\\/meteodomani.it\\\/#organization\",\"name\":\"Meteo Domani\",\"url\":\"https:\\\/\\\/meteodomani.it\\\/\",\"logo\":{\"@type\":\"ImageObject\",\"inLanguage\":\"it-IT\",\"@id\":\"https:\\\/\\\/meteodomani.it\\\/#\\\/schema\\\/logo\\\/image\\\/\",\"url\":\"https:\\\/\\\/meteodomani.it\\\/wp-content\\\/uploads\\\/2021\\\/10\\\/meteodomani-logo.png\",\"contentUrl\":\"https:\\\/\\\/meteodomani.it\\\/wp-content\\\/uploads\\\/2021\\\/10\\\/meteodomani-logo.png\",\"width\":500,\"height\":500,\"caption\":\"Meteo Domani\"},\"image\":{\"@id\":\"https:\\\/\\\/meteodomani.it\\\/#\\\/schema\\\/logo\\\/image\\\/\"}},{\"@type\":\"Person\",\"@id\":\"https:\\\/\\\/meteodomani.it\\\/#\\\/schema\\\/person\\\/adaff9169105296412205f08f1bd37c3\",\"name\":\"Eva Alessandri\",\"image\":{\"@type\":\"ImageObject\",\"inLanguage\":\"it-IT\",\"@id\":\"https:\\\/\\\/secure.gravatar.com\\\/avatar\\\/dcc6c0ac35bbefc8424e95178436597e7824a323754d767d8fd54b9f21e5ce6d?s=96&d=mm&r=g\",\"url\":\"https:\\\/\\\/secure.gravatar.com\\\/avatar\\\/dcc6c0ac35bbefc8424e95178436597e7824a323754d767d8fd54b9f21e5ce6d?s=96&d=mm&r=g\",\"contentUrl\":\"https:\\\/\\\/secure.gravatar.com\\\/avatar\\\/dcc6c0ac35bbefc8424e95178436597e7824a323754d767d8fd54b9f21e5ce6d?s=96&d=mm&r=g\",\"caption\":\"Eva Alessandri\"},\"url\":\"https:\\\/\\\/meteodomani.it\\\/?author=2\"}]}<\/script>\n<!-- \/ Yoast SEO plugin. -->","yoast_head_json":{"title":"Per met\u00e0 novembre possibile neve in collina - Meteo Domani","robots":{"index":"index","follow":"follow","max-snippet":"max-snippet:-1","max-image-preview":"max-image-preview:large","max-video-preview":"max-video-preview:-1"},"canonical":"https:\/\/meteodomani.it\/?p=977","og_locale":"it_IT","og_type":"article","og_title":"Per met\u00e0 novembre possibile neve in collina - Meteo Domani","og_description":"L&#8217;inverno sta arrivando. Quello vero. Le fasi alternate di instabilit\u00e0 intervallate da giorni sereni, intorno alla met\u00e0 di novembre lasceranno il posto a una fase meteorologica tipicamente invernale. Una ipotesi supportata da diversi modelli, dall&#8217;europeo ECMWF al canadese GEM. L&#8217;Italia subir\u00e0 un attacco di aria fredda in arriva direttamente dalla zona artica. Si prevedono isoterme [&hellip;]","og_url":"https:\/\/meteodomani.it\/?p=977","og_site_name":"Meteo Domani","article_published_time":"2021-11-08T08:51:25+00:00","article_modified_time":"2021-11-12T08:40:12+00:00","og_image":[{"width":1280,"height":834,"url":"https:\/\/meteodomani.it\/wp-content\/uploads\/2021\/11\/mountains-736886_1280.jpg","type":"image\/jpeg"}],"author":"Eva Alessandri","twitter_card":"summary_large_image","twitter_misc":{"Scritto da":"Eva Alessandri","Tempo di lettura stimato":"1 minuto"},"schema":{"@context":"https:\/\/schema.org","@graph":[{"@type":"Article","@id":"https:\/\/meteodomani.it\/?p=977#article","isPartOf":{"@id":"https:\/\/meteodomani.it\/?p=977"},"author":{"name":"Eva Alessandri","@id":"https:\/\/meteodomani.it\/#\/schema\/person\/adaff9169105296412205f08f1bd37c3"},"headline":"Per met\u00e0 novembre possibile neve in collina","datePublished":"2021-11-08T08:51:25+00:00","dateModified":"2021-11-12T08:40:12+00:00","mainEntityOfPage":{"@id":"https:\/\/meteodomani.it\/?p=977"},"wordCount":118,"commentCount":0,"publisher":{"@id":"https:\/\/meteodomani.it\/#organization"},"image":{"@id":"https:\/\/meteodomani.it\/?p=977#primaryimage"},"thumbnailUrl":"https:\/\/meteodomani.it\/wp-content\/uploads\/2021\/11\/mountains-736886_1280.jpg","articleSection":["Meteo News"],"inLanguage":"it-IT","potentialAction":[{"@type":"CommentAction","name":"Comment","target":["https:\/\/meteodomani.it\/?p=977#respond"]}]},{"@type":"WebPage","@id":"https:\/\/meteodomani.it\/?p=977","url":"https:\/\/meteodomani.it\/?p=977","name":"Per met\u00e0 novembre possibile neve in collina - Meteo Domani","isPartOf":{"@id":"https:\/\/meteodomani.it\/#website"},"primaryImageOfPage":{"@id":"https:\/\/meteodomani.it\/?p=977#primaryimage"},"image":{"@id":"https:\/\/meteodomani.it\/?p=977#primaryimage"},"thumbnailUrl":"https:\/\/meteodomani.it\/wp-content\/uploads\/2021\/11\/mountains-736886_1280.jpg","datePublished":"2021-11-08T08:51:25+00:00","dateModified":"2021-11-12T08:40:12+00:00","breadcrumb":{"@id":"https:\/\/meteodomani.it\/?p=977#breadcrumb"},"inLanguage":"it-IT","potentialAction":[{"@type":"ReadAction","target":["https:\/\/meteodomani.it\/?p=977"]}]},{"@type":"ImageObject","inLanguage":"it-IT","@id":"https:\/\/meteodomani.it\/?p=977#primaryimage","url":"https:\/\/meteodomani.it\/wp-content\/uploads\/2021\/11\/mountains-736886_1280.jpg","contentUrl":"https:\/\/meteodomani.it\/wp-content\/uploads\/2021\/11\/mountains-736886_1280.jpg","width":1280,"height":834},{"@type":"BreadcrumbList","@id":"https:\/\/meteodomani.it\/?p=977#breadcrumb","itemListElement":[{"@type":"ListItem","position":1,"name":"Home","item":"https:\/\/meteodomani.it\/"},{"@type":"ListItem","position":2,"name":"Per met\u00e0 novembre possibile neve in collina"}]},{"@type":"WebSite","@id":"https:\/\/meteodomani.it\/#website","url":"https:\/\/meteodomani.it\/","name":"Meteo Domani","description":"il meteo di domani","publisher":{"@id":"https:\/\/meteodomani.it\/#organization"},"potentialAction":[{"@type":"SearchAction","target":{"@type":"EntryPoint","urlTemplate":"https:\/\/meteodomani.it\/?s={search_term_string}"},"query-input":{"@type":"PropertyValueSpecification","valueRequired":true,"valueName":"search_term_string"}}],"inLanguage":"it-IT"},{"@type":"Organization","@id":"https:\/\/meteodomani.it\/#organization","name":"Meteo Domani","url":"https:\/\/meteodomani.it\/","logo":{"@type":"ImageObject","inLanguage":"it-IT","@id":"https:\/\/meteodomani.it\/#\/schema\/logo\/image\/","url":"https:\/\/meteodomani.it\/wp-content\/uploads\/2021\/10\/meteodomani-logo.png","contentUrl":"https:\/\/meteodomani.it\/wp-content\/uploads\/2021\/10\/meteodomani-logo.png","width":500,"height":500,"caption":"Meteo Domani"},"image":{"@id":"https:\/\/meteodomani.it\/#\/schema\/logo\/image\/"}},{"@type":"Person","@id":"https:\/\/meteodomani.it\/#\/schema\/person\/adaff9169105296412205f08f1bd37c3","name":"Eva Alessandri","image":{"@type":"ImageObject","inLanguage":"it-IT","@id":"https:\/\/secure.gravatar.com\/avatar\/dcc6c0ac35bbefc8424e95178436597e7824a323754d767d8fd54b9f21e5ce6d?s=96&d=mm&r=g","url":"https:\/\/secure.gravatar.com\/avatar\/dcc6c0ac35bbefc8424e95178436597e7824a323754d767d8fd54b9f21e5ce6d?s=96&d=mm&r=g","contentUrl":"https:\/\/secure.gravatar.com\/avatar\/dcc6c0ac35bbefc8424e95178436597e7824a323754d767d8fd54b9f21e5ce6d?s=96&d=mm&r=g","caption":"Eva Alessandri"},"url":"https:\/\/meteodomani.it\/?author=2"}]}},"_links":{"self":[{"href":"https:\/\/meteodomani.it\/index.php?rest_route=\/wp\/v2\/posts\/977","targetHints":{"allow":["GET"]}}],"collection":[{"href":"https:\/\/meteodomani.it\/index.php?rest_route=\/wp\/v2\/posts"}],"about":[{"href":"https:\/\/meteodomani.it\/index.php?rest_route=\/wp\/v2\/types\/post"}],"author":[{"embeddable":true,"href":"https:\/\/meteodomani.it\/index.php?rest_route=\/wp\/v2\/users\/2"}],"replies":[{"embeddable":true,"href":"https:\/\/meteodomani.it\/index.php?rest_route=%2Fwp%2Fv2%2Fcomments&post=977"}],"version-history":[{"count":2,"href":"https:\/\/meteodomani.it\/index.php?rest_route=\/wp\/v2\/posts\/977\/revisions"}],"predecessor-version":[{"id":979,"href":"https:\/\/meteodomani.it\/index.php?rest_route=\/wp\/v2\/posts\/977\/revisions\/979"}],"wp:featuredmedia":[{"embeddable":true,"href":"https:\/\/meteodomani.it\/index.php?rest_route=\/wp\/v2\/media\/981"}],"wp:attachment":[{"href":"https:\/\/meteodomani.it\/index.php?rest_route=%2Fwp%2Fv2%2Fmedia&parent=977"}],"wp:term":[{"taxonomy":"category","embeddable":true,"href":"https:\/\/meteodomani.it\/index.php?rest_route=%2Fwp%2Fv2%2Fcategories&post=977"},{"taxonomy":"post_tag","embeddable":true,"href":"https:\/\/meteodomani.it\/index.php?rest_route=%2Fwp%2Fv2%2Ftags&post=977"}],"curies":[{"name":"wp","href":"https:\/\/api.w.org\/{rel}","templated":true}]}}