{"id":982,"date":"2021-11-09T08:44:28","date_gmt":"2021-11-09T07:44:28","guid":{"rendered":"https:\/\/meteodomani.it\/?p=982"},"modified":"2021-11-09T08:44:28","modified_gmt":"2021-11-09T07:44:28","slug":"tempo-instabile-al-centro-sud-clima-piu-mite-al-nord","status":"publish","type":"post","link":"https:\/\/meteodomani.it\/?p=982","title":{"rendered":"Tempo instabile al Centro-Sud, clima pi\u00f9 mite al Nord"},"content":{"rendered":"<p>L\u2019azione di <strong>due perturbazione<\/strong> che si sono presentate congiuntamente sull\u2019Italia, sono causa di un maltempo che dovrebbe protrarsi\u00a0 probabilmente fino a venerd\u00ec 12 novembre.<\/p>\n<p>Non proprio in tutto lo Stivale per\u00f2. Le condizioni di insta abilit\u00e0 interesseranno <strong>buona parte delle regioni del Centro \u2013 Sud<\/strong>, con occasionali precipitazioni. L\u2019evolversi della situazione per\u00f2 \u00e8 in costante mutamento, quindi difficile prevedere intensit\u00e0 e continuit\u00e0 delle piogge.<\/p>\n<p>Il Nord invece godr\u00e0 di qualche giornata caratterizzata dalla stabilit\u00e0, grazie a un rinforzo dell\u2019alta pressione.<\/p>\n<p>E\u2019 questo scenario che porta ad un <strong>allineamento delle temperature fra Nord e Sud<\/strong>. L\u2019aria pi\u00f9 mite in arrivo sulle regioni alpine, far\u00e0 salire il termometro anche al Settentrione, riportando le temperature in linea su tutta l\u2019Italia, leggermente sopra la media stagionale.<\/p>\n","protected":false},"excerpt":{"rendered":"<p>L\u2019azione di due perturbazione che si sono presentate congiuntamente sull\u2019Italia, sono causa di un maltempo che dovrebbe protrarsi\u00a0 probabilmente fino a venerd\u00ec 12 novembre. Non proprio in tutto lo Stivale per\u00f2. Le condizioni di insta abilit\u00e0 interesseranno buona parte delle regioni del Centro \u2013 Sud, con occasionali precipitazioni. L\u2019evolversi della situazione per\u00f2 \u00e8 in costante [&hellip;]<\/p>\n","protected":false},"author":4,"featured_media":983,"comment_status":"open","ping_status":"open","sticky":false,"template":"","format":"standard","meta":{"site-sidebar-layout":"default","site-content-layout":"default","ast-site-content-layout":"default","site-content-style":"default","site-sidebar-style":"default","ast-global-header-display":"","ast-banner-title-visibility":"","ast-main-header-display":"","ast-hfb-above-header-display":"","ast-hfb-below-header-display":"","ast-hfb-mobile-header-display":"","site-post-title":"","ast-breadcrumbs-content":"","ast-featured-img":"","footer-sml-layout":"","ast-disable-related-posts":"","theme-transparent-header-meta":"default","adv-header-id-meta":"","stick-header-meta":"","header-above-stick-meta":"","header-main-stick-meta":"","header-below-stick-meta":"","astra-migrate-meta-layouts":"default","ast-page-background-enabled":"default","ast-page-background-meta":{"desktop":{"background-color":"var(--ast-global-color-4)","background-image":"","background-repeat":"repeat","background-position":"center center","background-size":"auto","background-attachment":"scroll","background-type":"","background-media":"","overlay-type":"","overlay-color":"","overlay-opacity":"","overlay-gradient":""},"tablet":{"background-color":"","background-image":"","background-repeat":"repeat","background-position":"center center","background-size":"auto","background-attachment":"scroll","background-type":"","background-media":"","overlay-type":"","overlay-color":"","overlay-opacity":"","overlay-gradient":""},"mobile":{"background-color":"","background-image":"","background-repeat":"repeat","background-position":"center center","background-size":"auto","background-attachment":"scroll","background-type":"","background-media":"","overlay-type":"","overlay-color":"","overlay-opacity":"","overlay-gradient":""}},"ast-content-background-meta":{"desktop":{"background-color":"var(--ast-global-color-5)","background-image":"","background-repeat":"repeat","background-position":"center center","background-size":"auto","background-attachment":"scroll","background-type":"","background-media":"","overlay-type":"","overlay-color":"","overlay-opacity":"","overlay-gradient":""},"tablet":{"background-color":"var(--ast-global-color-5)","background-image":"","background-repeat":"repeat","background-position":"center center","background-size":"auto","background-attachment":"scroll","background-type":"","background-media":"","overlay-type":"","overlay-color":"","overlay-opacity":"","overlay-gradient":""},"mobile":{"background-color":"var(--ast-global-color-5)","background-image":"","background-repeat":"repeat","background-position":"center center","background-size":"auto","background-attachment":"scroll","background-type":"","background-media":"","overlay-type":"","overlay-color":"","overlay-opacity":"","overlay-gradient":""}},"footnotes":""},"categories":[1],"tags":[],"class_list":["post-982","post","type-post","status-publish","format-standard","has-post-thumbnail","hentry","category-meteo-news"],"yoast_head":"<!-- This site is optimized with the Yoast SEO plugin v27.4 - https:\/\/yoast.com\/product\/yoast-seo-wordpress\/ -->\n<title>Tempo instabile al Centro-Sud, clima pi\u00f9 mite al Nord - Meteo Domani<\/title>\n<meta name=\"robots\" content=\"index, follow, max-snippet:-1, max-image-preview:large, max-video-preview:-1\" \/>\n<link rel=\"canonical\" href=\"https:\/\/meteodomani.it\/?p=982\" \/>\n<meta property=\"og:locale\" content=\"it_IT\" \/>\n<meta property=\"og:type\" content=\"article\" \/>\n<meta property=\"og:title\" content=\"Tempo instabile al Centro-Sud, clima pi\u00f9 mite al Nord - Meteo Domani\" \/>\n<meta property=\"og:description\" content=\"L\u2019azione di due perturbazione che si sono presentate congiuntamente sull\u2019Italia, sono causa di un maltempo che dovrebbe protrarsi\u00a0 probabilmente fino a venerd\u00ec 12 novembre. Non proprio in tutto lo Stivale per\u00f2. Le condizioni di insta abilit\u00e0 interesseranno buona parte delle regioni del Centro \u2013 Sud, con occasionali precipitazioni. L\u2019evolversi della situazione per\u00f2 \u00e8 in costante [&hellip;]\" \/>\n<meta property=\"og:url\" content=\"https:\/\/meteodomani.it\/?p=982\" \/>\n<meta property=\"og:site_name\" content=\"Meteo Domani\" \/>\n<meta property=\"article:published_time\" content=\"2021-11-09T07:44:28+00:00\" \/>\n<meta property=\"og:image\" content=\"https:\/\/meteodomani.it\/wp-content\/uploads\/2021\/11\/nature-6741602_1920.jpg\" \/>\n\t<meta property=\"og:image:width\" content=\"1920\" \/>\n\t<meta property=\"og:image:height\" content=\"1285\" \/>\n\t<meta property=\"og:image:type\" content=\"image\/jpeg\" \/>\n<meta name=\"author\" content=\"Giovanni Meani\" \/>\n<meta name=\"twitter:card\" content=\"summary_large_image\" \/>\n<meta name=\"twitter:label1\" content=\"Scritto da\" \/>\n\t<meta name=\"twitter:data1\" content=\"Giovanni Meani\" \/>\n\t<meta name=\"twitter:label2\" content=\"Tempo di lettura stimato\" \/>\n\t<meta name=\"twitter:data2\" content=\"1 minuto\" \/>\n<script type=\"application\/ld+json\" class=\"yoast-schema-graph\">{\"@context\":\"https:\\\/\\\/schema.org\",\"@graph\":[{\"@type\":\"Article\",\"@id\":\"https:\\\/\\\/meteodomani.it\\\/?p=982#article\",\"isPartOf\":{\"@id\":\"https:\\\/\\\/meteodomani.it\\\/?p=982\"},\"author\":{\"name\":\"Giovanni Meani\",\"@id\":\"https:\\\/\\\/meteodomani.it\\\/#\\\/schema\\\/person\\\/6c388efe0f8a16076b21b9488a8498ce\"},\"headline\":\"Tempo instabile al Centro-Sud, clima pi\u00f9 mite al Nord\",\"datePublished\":\"2021-11-09T07:44:28+00:00\",\"mainEntityOfPage\":{\"@id\":\"https:\\\/\\\/meteodomani.it\\\/?p=982\"},\"wordCount\":134,\"commentCount\":0,\"publisher\":{\"@id\":\"https:\\\/\\\/meteodomani.it\\\/#organization\"},\"image\":{\"@id\":\"https:\\\/\\\/meteodomani.it\\\/?p=982#primaryimage\"},\"thumbnailUrl\":\"https:\\\/\\\/meteodomani.it\\\/wp-content\\\/uploads\\\/2021\\\/11\\\/nature-6741602_1920.jpg\",\"articleSection\":[\"Meteo News\"],\"inLanguage\":\"it-IT\",\"potentialAction\":[{\"@type\":\"CommentAction\",\"name\":\"Comment\",\"target\":[\"https:\\\/\\\/meteodomani.it\\\/?p=982#respond\"]}]},{\"@type\":\"WebPage\",\"@id\":\"https:\\\/\\\/meteodomani.it\\\/?p=982\",\"url\":\"https:\\\/\\\/meteodomani.it\\\/?p=982\",\"name\":\"Tempo instabile al Centro-Sud, clima pi\u00f9 mite al Nord - Meteo Domani\",\"isPartOf\":{\"@id\":\"https:\\\/\\\/meteodomani.it\\\/#website\"},\"primaryImageOfPage\":{\"@id\":\"https:\\\/\\\/meteodomani.it\\\/?p=982#primaryimage\"},\"image\":{\"@id\":\"https:\\\/\\\/meteodomani.it\\\/?p=982#primaryimage\"},\"thumbnailUrl\":\"https:\\\/\\\/meteodomani.it\\\/wp-content\\\/uploads\\\/2021\\\/11\\\/nature-6741602_1920.jpg\",\"datePublished\":\"2021-11-09T07:44:28+00:00\",\"breadcrumb\":{\"@id\":\"https:\\\/\\\/meteodomani.it\\\/?p=982#breadcrumb\"},\"inLanguage\":\"it-IT\",\"potentialAction\":[{\"@type\":\"ReadAction\",\"target\":[\"https:\\\/\\\/meteodomani.it\\\/?p=982\"]}]},{\"@type\":\"ImageObject\",\"inLanguage\":\"it-IT\",\"@id\":\"https:\\\/\\\/meteodomani.it\\\/?p=982#primaryimage\",\"url\":\"https:\\\/\\\/meteodomani.it\\\/wp-content\\\/uploads\\\/2021\\\/11\\\/nature-6741602_1920.jpg\",\"contentUrl\":\"https:\\\/\\\/meteodomani.it\\\/wp-content\\\/uploads\\\/2021\\\/11\\\/nature-6741602_1920.jpg\",\"width\":1920,\"height\":1285},{\"@type\":\"BreadcrumbList\",\"@id\":\"https:\\\/\\\/meteodomani.it\\\/?p=982#breadcrumb\",\"itemListElement\":[{\"@type\":\"ListItem\",\"position\":1,\"name\":\"Home\",\"item\":\"https:\\\/\\\/meteodomani.it\\\/\"},{\"@type\":\"ListItem\",\"position\":2,\"name\":\"Tempo instabile al Centro-Sud, clima pi\u00f9 mite al Nord\"}]},{\"@type\":\"WebSite\",\"@id\":\"https:\\\/\\\/meteodomani.it\\\/#website\",\"url\":\"https:\\\/\\\/meteodomani.it\\\/\",\"name\":\"Meteo Domani\",\"description\":\"il meteo di domani\",\"publisher\":{\"@id\":\"https:\\\/\\\/meteodomani.it\\\/#organization\"},\"potentialAction\":[{\"@type\":\"SearchAction\",\"target\":{\"@type\":\"EntryPoint\",\"urlTemplate\":\"https:\\\/\\\/meteodomani.it\\\/?s={search_term_string}\"},\"query-input\":{\"@type\":\"PropertyValueSpecification\",\"valueRequired\":true,\"valueName\":\"search_term_string\"}}],\"inLanguage\":\"it-IT\"},{\"@type\":\"Organization\",\"@id\":\"https:\\\/\\\/meteodomani.it\\\/#organization\",\"name\":\"Meteo Domani\",\"url\":\"https:\\\/\\\/meteodomani.it\\\/\",\"logo\":{\"@type\":\"ImageObject\",\"inLanguage\":\"it-IT\",\"@id\":\"https:\\\/\\\/meteodomani.it\\\/#\\\/schema\\\/logo\\\/image\\\/\",\"url\":\"https:\\\/\\\/meteodomani.it\\\/wp-content\\\/uploads\\\/2021\\\/10\\\/meteodomani-logo.png\",\"contentUrl\":\"https:\\\/\\\/meteodomani.it\\\/wp-content\\\/uploads\\\/2021\\\/10\\\/meteodomani-logo.png\",\"width\":500,\"height\":500,\"caption\":\"Meteo Domani\"},\"image\":{\"@id\":\"https:\\\/\\\/meteodomani.it\\\/#\\\/schema\\\/logo\\\/image\\\/\"}},{\"@type\":\"Person\",\"@id\":\"https:\\\/\\\/meteodomani.it\\\/#\\\/schema\\\/person\\\/6c388efe0f8a16076b21b9488a8498ce\",\"name\":\"Giovanni Meani\",\"image\":{\"@type\":\"ImageObject\",\"inLanguage\":\"it-IT\",\"@id\":\"https:\\\/\\\/secure.gravatar.com\\\/avatar\\\/0d56741cdc0bc087a77e3e8953509cb8f69ad43be2346e37437a7f6039505e7b?s=96&d=mm&r=g\",\"url\":\"https:\\\/\\\/secure.gravatar.com\\\/avatar\\\/0d56741cdc0bc087a77e3e8953509cb8f69ad43be2346e37437a7f6039505e7b?s=96&d=mm&r=g\",\"contentUrl\":\"https:\\\/\\\/secure.gravatar.com\\\/avatar\\\/0d56741cdc0bc087a77e3e8953509cb8f69ad43be2346e37437a7f6039505e7b?s=96&d=mm&r=g\",\"caption\":\"Giovanni Meani\"},\"url\":\"https:\\\/\\\/meteodomani.it\\\/?author=4\"}]}<\/script>\n<!-- \/ Yoast SEO plugin. -->","yoast_head_json":{"title":"Tempo instabile al Centro-Sud, clima pi\u00f9 mite al Nord - Meteo Domani","robots":{"index":"index","follow":"follow","max-snippet":"max-snippet:-1","max-image-preview":"max-image-preview:large","max-video-preview":"max-video-preview:-1"},"canonical":"https:\/\/meteodomani.it\/?p=982","og_locale":"it_IT","og_type":"article","og_title":"Tempo instabile al Centro-Sud, clima pi\u00f9 mite al Nord - Meteo Domani","og_description":"L\u2019azione di due perturbazione che si sono presentate congiuntamente sull\u2019Italia, sono causa di un maltempo che dovrebbe protrarsi\u00a0 probabilmente fino a venerd\u00ec 12 novembre. Non proprio in tutto lo Stivale per\u00f2. Le condizioni di insta abilit\u00e0 interesseranno buona parte delle regioni del Centro \u2013 Sud, con occasionali precipitazioni. L\u2019evolversi della situazione per\u00f2 \u00e8 in costante [&hellip;]","og_url":"https:\/\/meteodomani.it\/?p=982","og_site_name":"Meteo Domani","article_published_time":"2021-11-09T07:44:28+00:00","og_image":[{"width":1920,"height":1285,"url":"https:\/\/meteodomani.it\/wp-content\/uploads\/2021\/11\/nature-6741602_1920.jpg","type":"image\/jpeg"}],"author":"Giovanni Meani","twitter_card":"summary_large_image","twitter_misc":{"Scritto da":"Giovanni Meani","Tempo di lettura stimato":"1 minuto"},"schema":{"@context":"https:\/\/schema.org","@graph":[{"@type":"Article","@id":"https:\/\/meteodomani.it\/?p=982#article","isPartOf":{"@id":"https:\/\/meteodomani.it\/?p=982"},"author":{"name":"Giovanni Meani","@id":"https:\/\/meteodomani.it\/#\/schema\/person\/6c388efe0f8a16076b21b9488a8498ce"},"headline":"Tempo instabile al Centro-Sud, clima pi\u00f9 mite al Nord","datePublished":"2021-11-09T07:44:28+00:00","mainEntityOfPage":{"@id":"https:\/\/meteodomani.it\/?p=982"},"wordCount":134,"commentCount":0,"publisher":{"@id":"https:\/\/meteodomani.it\/#organization"},"image":{"@id":"https:\/\/meteodomani.it\/?p=982#primaryimage"},"thumbnailUrl":"https:\/\/meteodomani.it\/wp-content\/uploads\/2021\/11\/nature-6741602_1920.jpg","articleSection":["Meteo News"],"inLanguage":"it-IT","potentialAction":[{"@type":"CommentAction","name":"Comment","target":["https:\/\/meteodomani.it\/?p=982#respond"]}]},{"@type":"WebPage","@id":"https:\/\/meteodomani.it\/?p=982","url":"https:\/\/meteodomani.it\/?p=982","name":"Tempo instabile al Centro-Sud, clima pi\u00f9 mite al Nord - Meteo Domani","isPartOf":{"@id":"https:\/\/meteodomani.it\/#website"},"primaryImageOfPage":{"@id":"https:\/\/meteodomani.it\/?p=982#primaryimage"},"image":{"@id":"https:\/\/meteodomani.it\/?p=982#primaryimage"},"thumbnailUrl":"https:\/\/meteodomani.it\/wp-content\/uploads\/2021\/11\/nature-6741602_1920.jpg","datePublished":"2021-11-09T07:44:28+00:00","breadcrumb":{"@id":"https:\/\/meteodomani.it\/?p=982#breadcrumb"},"inLanguage":"it-IT","potentialAction":[{"@type":"ReadAction","target":["https:\/\/meteodomani.it\/?p=982"]}]},{"@type":"ImageObject","inLanguage":"it-IT","@id":"https:\/\/meteodomani.it\/?p=982#primaryimage","url":"https:\/\/meteodomani.it\/wp-content\/uploads\/2021\/11\/nature-6741602_1920.jpg","contentUrl":"https:\/\/meteodomani.it\/wp-content\/uploads\/2021\/11\/nature-6741602_1920.jpg","width":1920,"height":1285},{"@type":"BreadcrumbList","@id":"https:\/\/meteodomani.it\/?p=982#breadcrumb","itemListElement":[{"@type":"ListItem","position":1,"name":"Home","item":"https:\/\/meteodomani.it\/"},{"@type":"ListItem","position":2,"name":"Tempo instabile al Centro-Sud, clima pi\u00f9 mite al Nord"}]},{"@type":"WebSite","@id":"https:\/\/meteodomani.it\/#website","url":"https:\/\/meteodomani.it\/","name":"Meteo Domani","description":"il meteo di domani","publisher":{"@id":"https:\/\/meteodomani.it\/#organization"},"potentialAction":[{"@type":"SearchAction","target":{"@type":"EntryPoint","urlTemplate":"https:\/\/meteodomani.it\/?s={search_term_string}"},"query-input":{"@type":"PropertyValueSpecification","valueRequired":true,"valueName":"search_term_string"}}],"inLanguage":"it-IT"},{"@type":"Organization","@id":"https:\/\/meteodomani.it\/#organization","name":"Meteo Domani","url":"https:\/\/meteodomani.it\/","logo":{"@type":"ImageObject","inLanguage":"it-IT","@id":"https:\/\/meteodomani.it\/#\/schema\/logo\/image\/","url":"https:\/\/meteodomani.it\/wp-content\/uploads\/2021\/10\/meteodomani-logo.png","contentUrl":"https:\/\/meteodomani.it\/wp-content\/uploads\/2021\/10\/meteodomani-logo.png","width":500,"height":500,"caption":"Meteo Domani"},"image":{"@id":"https:\/\/meteodomani.it\/#\/schema\/logo\/image\/"}},{"@type":"Person","@id":"https:\/\/meteodomani.it\/#\/schema\/person\/6c388efe0f8a16076b21b9488a8498ce","name":"Giovanni Meani","image":{"@type":"ImageObject","inLanguage":"it-IT","@id":"https:\/\/secure.gravatar.com\/avatar\/0d56741cdc0bc087a77e3e8953509cb8f69ad43be2346e37437a7f6039505e7b?s=96&d=mm&r=g","url":"https:\/\/secure.gravatar.com\/avatar\/0d56741cdc0bc087a77e3e8953509cb8f69ad43be2346e37437a7f6039505e7b?s=96&d=mm&r=g","contentUrl":"https:\/\/secure.gravatar.com\/avatar\/0d56741cdc0bc087a77e3e8953509cb8f69ad43be2346e37437a7f6039505e7b?s=96&d=mm&r=g","caption":"Giovanni Meani"},"url":"https:\/\/meteodomani.it\/?author=4"}]}},"_links":{"self":[{"href":"https:\/\/meteodomani.it\/index.php?rest_route=\/wp\/v2\/posts\/982","targetHints":{"allow":["GET"]}}],"collection":[{"href":"https:\/\/meteodomani.it\/index.php?rest_route=\/wp\/v2\/posts"}],"about":[{"href":"https:\/\/meteodomani.it\/index.php?rest_route=\/wp\/v2\/types\/post"}],"author":[{"embeddable":true,"href":"https:\/\/meteodomani.it\/index.php?rest_route=\/wp\/v2\/users\/4"}],"replies":[{"embeddable":true,"href":"https:\/\/meteodomani.it\/index.php?rest_route=%2Fwp%2Fv2%2Fcomments&post=982"}],"version-history":[{"count":1,"href":"https:\/\/meteodomani.it\/index.php?rest_route=\/wp\/v2\/posts\/982\/revisions"}],"predecessor-version":[{"id":984,"href":"https:\/\/meteodomani.it\/index.php?rest_route=\/wp\/v2\/posts\/982\/revisions\/984"}],"wp:featuredmedia":[{"embeddable":true,"href":"https:\/\/meteodomani.it\/index.php?rest_route=\/wp\/v2\/media\/983"}],"wp:attachment":[{"href":"https:\/\/meteodomani.it\/index.php?rest_route=%2Fwp%2Fv2%2Fmedia&parent=982"}],"wp:term":[{"taxonomy":"category","embeddable":true,"href":"https:\/\/meteodomani.it\/index.php?rest_route=%2Fwp%2Fv2%2Fcategories&post=982"},{"taxonomy":"post_tag","embeddable":true,"href":"https:\/\/meteodomani.it\/index.php?rest_route=%2Fwp%2Fv2%2Ftags&post=982"}],"curies":[{"name":"wp","href":"https:\/\/api.w.org\/{rel}","templated":true}]}}